{"id":1083,"date":"2019-02-04T11:14:42","date_gmt":"2019-02-04T10:14:42","guid":{"rendered":"http:\/\/xn--feuerwehr-bersaxen-v6b.at\/?p=1083"},"modified":"2019-02-04T14:02:12","modified_gmt":"2019-02-04T13:02:12","slug":"einsatz-06","status":"publish","type":"post","link":"https:\/\/xn--feuerwehr-bersaxen-v6b.at\/index.php\/2019\/02\/04\/einsatz-06\/","title":{"rendered":"Einsatz 06"},"content":{"rendered":"<p><span style=\"font-family: arial, helvetica, sans-serif; font-size: 12pt;\">Am Samstag, den 02. Februar 2019 um 21:43 Uhr wurde die Feuerwehr \u00dcbersaxen zu einem Brandeinsatz gerufen. Die Alarmierung lautete wie folgt: <\/span><br \/>\n<span style=\"font-family: arial, helvetica, sans-serif; font-size: 12pt;\"><strong>f3 r1 \u00dcbersaxen Schellriemenweg 3 starke Rauchentwicklung im Keller<\/strong><\/span><\/p>\n<p>Durch die Erkundung der Kellerr\u00e4ume eines Atemschutztrupps konnte eine defekte Luftklappe am Abgasrohr der Holzheizung festgestellt werden. In Folge des Defektes entwickelte sich zus\u00e4tzlich ein Kaminbrand. Unsere Aufgabe war es, die Kellerr\u00e4ume rauchfrei zu bekommen, den Kamin mittels W\u00e4rmebildkamera zu kontrollieren und die Bereitstellung des Brandschutzes in den oberen Stockwerken. Gemeinsam mit dem Kaminkehrer wurden weitere Kontrollen am Kamin durchgef\u00fchrt und die Einsatzstelle anschlie\u00dfend an den Kaminkehrer \u00fcbergeben.<\/p>\n<p>Im Einsatz standen: TLF, LF, Kaminkehrer, Polizei, Rettung und das EVU&nbsp;&nbsp;<\/p>\nngg_shortcode_0_placeholder\n","protected":false},"excerpt":{"rendered":"<p>Am Samstag, den 02. Februar 2019 um 21:43 Uhr wurde die Feuerwehr \u00dcbersaxen zu einem Brandeinsatz gerufen. Die Alarmierung lautete wie folgt: f3 r1 \u00dcbersaxen Schellriemenweg 3 starke Rauchentwicklung im Keller Durch die Erkundung der Kellerr\u00e4ume eines Atemschutztrupps konnte eine defekte Luftklappe am Abgasrohr der Holzheizung festgestellt werden. In Folge des Defektes entwickelte sich zus\u00e4tzlich ein Kaminbrand. Unsere Aufgabe war<\/p>\n","protected":false},"author":1,"featured_media":0,"comment_status":"closed","ping_status":"closed","sticky":false,"template":"","format":"standard","meta":{"ngg_post_thumbnail":0,"footnotes":""},"categories":[1],"tags":[],"class_list":["post-1083","post","type-post","status-publish","format-standard","hentry","category-allgemein"],"_links":{"self":[{"href":"https:\/\/xn--feuerwehr-bersaxen-v6b.at\/index.php\/wp-json\/wp\/v2\/posts\/1083","targetHints":{"allow":["GET"]}}],"collection":[{"href":"https:\/\/xn--feuerwehr-bersaxen-v6b.at\/index.php\/wp-json\/wp\/v2\/posts"}],"about":[{"href":"https:\/\/xn--feuerwehr-bersaxen-v6b.at\/index.php\/wp-json\/wp\/v2\/types\/post"}],"author":[{"embeddable":true,"href":"https:\/\/xn--feuerwehr-bersaxen-v6b.at\/index.php\/wp-json\/wp\/v2\/users\/1"}],"replies":[{"embeddable":true,"href":"https:\/\/xn--feuerwehr-bersaxen-v6b.at\/index.php\/wp-json\/wp\/v2\/comments?post=1083"}],"version-history":[{"count":3,"href":"https:\/\/xn--feuerwehr-bersaxen-v6b.at\/index.php\/wp-json\/wp\/v2\/posts\/1083\/revisions"}],"predecessor-version":[{"id":1113,"href":"https:\/\/xn--feuerwehr-bersaxen-v6b.at\/index.php\/wp-json\/wp\/v2\/posts\/1083\/revisions\/1113"}],"wp:attachment":[{"href":"https:\/\/xn--feuerwehr-bersaxen-v6b.at\/index.php\/wp-json\/wp\/v2\/media?parent=1083"}],"wp:term":[{"taxonomy":"category","embeddable":true,"href":"https:\/\/xn--feuerwehr-bersaxen-v6b.at\/index.php\/wp-json\/wp\/v2\/categories?post=1083"},{"taxonomy":"post_tag","embeddable":true,"href":"https:\/\/xn--feuerwehr-bersaxen-v6b.at\/index.php\/wp-json\/wp\/v2\/tags?post=1083"}],"curies":[{"name":"wp","href":"https:\/\/api.w.org\/{rel}","templated":true}]}}