{"id":1115,"date":"2019-02-04T20:46:23","date_gmt":"2019-02-04T19:46:23","guid":{"rendered":"http:\/\/xn--feuerwehr-bersaxen-v6b.at\/?p=1115"},"modified":"2019-02-04T20:46:23","modified_gmt":"2019-02-04T19:46:23","slug":"kommandantenwechsel-bei-der-of-uebersaxen","status":"publish","type":"post","link":"https:\/\/xn--feuerwehr-bersaxen-v6b.at\/index.php\/2019\/02\/04\/kommandantenwechsel-bei-der-of-uebersaxen\/","title":{"rendered":"Kommandantenwechsel bei der OF \u00dcbersaxen"},"content":{"rendered":"<p>Am Sonntag, den 03. Februar 2019 fand die 126. Jahreshauptversammlung der OF \u00dcbersaxen im Gasthaus Krone statt. Zuvor wurde im Gottesdienst an die verstorbenen Mitglieder gedacht. Kommandant Erich Eberle er\u00f6ffnete die Jahreshauptversammlung mit den 42 anwesenden Feuerwehrfrauen- und m\u00e4nner. Als Ehreng\u00e4ste durften wir B\u00fcrgermeister Rainer Duelli, Pfarrer Peter Haas, Bezirksvertreter Wolfgang Huber, AFK Wolfgang St\u00f6ckelmaier und Kdt. Stellvertreter Markus Mayr von der OF Rankweil begr\u00fc\u00dfen. Anschlie\u00dfend pr\u00e4sentierte er einen umfangreichen Jahresbericht \u00fcber das vergangene Jahr. Insgesamt wurden 8000 Stunden an Freizeit f\u00fcr die Dorfbev\u00f6lkerung ehrenamtlich geleistet. Neben dem Jahresr\u00fcckblick stand die Neuwahl des Kommandanten im Mittelpunkt. Erich Eberle gab nach 7 Jahren das Amt des Kommandanten ab. Matthias Fritsch wurde mit absoluter Mehrheit zum neuen Kommandanten der OF \u00dcbersaxen gew\u00e4hlt.<br \/>\nEin weiterer erfreulicher Tagesordnungspunkt waren die Ehrungen. Vom Landesfeuerwehrverband wurde das Verdienstkreuz in Bronze f\u00fcr besondere T\u00e4tigkeiten im Feuerwehrwesen verliehen. Bezirksvertreter Wolfgang Huber \u00fcberreichte das Verdienstkreuz in Bronze an Erich Eberle f\u00fcr 7 Jahre Amt des Kommandanten sowie an Martin Breu\u00df f\u00fcr erfreuliche 22 Jahre T\u00e4tigkeit des Atemschutzger\u00e4tewarts.<br \/>\nWeiters wurde Simon Zizer offiziell angelobt und in den Aktivstand aufgenommen.<br \/>\nAbschlie\u00dfend bedankte sich B\u00fcrgermeister Rainer Duelli f\u00fcr die sehr gute Zusammenarbeit und die erbrachten Leistungen im Jahr 2018 und w\u00fcnscht der Feuerwehr \u00dcbersaxen ein unfallfreies Jahr 2019.<\/p>\n<p>Der Kommandant beendete die Sitzung mit dem Leitspruch der Feuerwehr: &#8222;Gott zur Ehr, dem n\u00e4chsten zur Wehr&#8220;.<\/p>\nngg_shortcode_0_placeholder\n","protected":false},"excerpt":{"rendered":"<p>Am Sonntag, den 03. Februar 2019 fand die 126. Jahreshauptversammlung der OF \u00dcbersaxen im Gasthaus Krone statt. Zuvor wurde im Gottesdienst an die verstorbenen Mitglieder gedacht. Kommandant Erich Eberle er\u00f6ffnete die Jahreshauptversammlung mit den 42 anwesenden Feuerwehrfrauen- und m\u00e4nner. Als Ehreng\u00e4ste durften wir B\u00fcrgermeister Rainer Duelli, Pfarrer Peter Haas, Bezirksvertreter Wolfgang Huber, AFK Wolfgang St\u00f6ckelmaier und Kdt. Stellvertreter Markus Mayr<\/p>\n","protected":false},"author":1,"featured_media":0,"comment_status":"closed","ping_status":"closed","sticky":false,"template":"","format":"standard","meta":{"ngg_post_thumbnail":0,"footnotes":""},"categories":[1],"tags":[],"class_list":["post-1115","post","type-post","status-publish","format-standard","hentry","category-allgemein"],"_links":{"self":[{"href":"https:\/\/xn--feuerwehr-bersaxen-v6b.at\/index.php\/wp-json\/wp\/v2\/posts\/1115","targetHints":{"allow":["GET"]}}],"collection":[{"href":"https:\/\/xn--feuerwehr-bersaxen-v6b.at\/index.php\/wp-json\/wp\/v2\/posts"}],"about":[{"href":"https:\/\/xn--feuerwehr-bersaxen-v6b.at\/index.php\/wp-json\/wp\/v2\/types\/post"}],"author":[{"embeddable":true,"href":"https:\/\/xn--feuerwehr-bersaxen-v6b.at\/index.php\/wp-json\/wp\/v2\/users\/1"}],"replies":[{"embeddable":true,"href":"https:\/\/xn--feuerwehr-bersaxen-v6b.at\/index.php\/wp-json\/wp\/v2\/comments?post=1115"}],"version-history":[{"count":3,"href":"https:\/\/xn--feuerwehr-bersaxen-v6b.at\/index.php\/wp-json\/wp\/v2\/posts\/1115\/revisions"}],"predecessor-version":[{"id":2058,"href":"https:\/\/xn--feuerwehr-bersaxen-v6b.at\/index.php\/wp-json\/wp\/v2\/posts\/1115\/revisions\/2058"}],"wp:attachment":[{"href":"https:\/\/xn--feuerwehr-bersaxen-v6b.at\/index.php\/wp-json\/wp\/v2\/media?parent=1115"}],"wp:term":[{"taxonomy":"category","embeddable":true,"href":"https:\/\/xn--feuerwehr-bersaxen-v6b.at\/index.php\/wp-json\/wp\/v2\/categories?post=1115"},{"taxonomy":"post_tag","embeddable":true,"href":"https:\/\/xn--feuerwehr-bersaxen-v6b.at\/index.php\/wp-json\/wp\/v2\/tags?post=1115"}],"curies":[{"name":"wp","href":"https:\/\/api.w.org\/{rel}","templated":true}]}}