{"id":1133,"date":"2019-02-24T11:18:47","date_gmt":"2019-02-24T10:18:47","guid":{"rendered":"http:\/\/xn--feuerwehr-bersaxen-v6b.at\/?p=1133"},"modified":"2019-02-24T11:22:48","modified_gmt":"2019-02-24T10:22:48","slug":"winteruebung","status":"publish","type":"post","link":"https:\/\/xn--feuerwehr-bersaxen-v6b.at\/index.php\/2019\/02\/24\/winteruebung\/","title":{"rendered":"Winter\u00fcbung"},"content":{"rendered":"<p><span style=\"font-family: arial, helvetica, sans-serif; font-size: 12pt;\">Um auch im Winter f\u00fcr den Feuerwehreinsatz bestens ger\u00fcstet zu sein, wurde in diesem Winter eine spezielle &#8222;Winter\u00fcbung&#8220; durchgef\u00fchrt. Ziel dieser \u00dcbung war es, die Aufgaben der Feuerwehr und die bevorstehenden Gefahren bei Eisigen Temperaturen und bei gr\u00f6\u00dferen Schneemengen zu Erfahren und zu be\u00fcben. Die vorgegebenen Aufgaben konnten von der Mannschaft mit Bravour gemeistert werden.<\/span><\/p>\nngg_shortcode_0_placeholder\n<p>&nbsp;<\/p>\n","protected":false},"excerpt":{"rendered":"<p>Um auch im Winter f\u00fcr den Feuerwehreinsatz bestens ger\u00fcstet zu sein, wurde in diesem Winter eine spezielle &#8222;Winter\u00fcbung&#8220; durchgef\u00fchrt. Ziel dieser \u00dcbung war es, die Aufgaben der Feuerwehr und die bevorstehenden Gefahren bei Eisigen Temperaturen und bei gr\u00f6\u00dferen Schneemengen zu Erfahren und zu be\u00fcben. Die vorgegebenen Aufgaben konnten von der Mannschaft mit Bravour gemeistert werden. &nbsp;<\/p>\n","protected":false},"author":1,"featured_media":0,"comment_status":"closed","ping_status":"closed","sticky":false,"template":"","format":"standard","meta":{"ngg_post_thumbnail":0,"footnotes":""},"categories":[1],"tags":[],"class_list":["post-1133","post","type-post","status-publish","format-standard","hentry","category-allgemein"],"_links":{"self":[{"href":"https:\/\/xn--feuerwehr-bersaxen-v6b.at\/index.php\/wp-json\/wp\/v2\/posts\/1133","targetHints":{"allow":["GET"]}}],"collection":[{"href":"https:\/\/xn--feuerwehr-bersaxen-v6b.at\/index.php\/wp-json\/wp\/v2\/posts"}],"about":[{"href":"https:\/\/xn--feuerwehr-bersaxen-v6b.at\/index.php\/wp-json\/wp\/v2\/types\/post"}],"author":[{"embeddable":true,"href":"https:\/\/xn--feuerwehr-bersaxen-v6b.at\/index.php\/wp-json\/wp\/v2\/users\/1"}],"replies":[{"embeddable":true,"href":"https:\/\/xn--feuerwehr-bersaxen-v6b.at\/index.php\/wp-json\/wp\/v2\/comments?post=1133"}],"version-history":[{"count":3,"href":"https:\/\/xn--feuerwehr-bersaxen-v6b.at\/index.php\/wp-json\/wp\/v2\/posts\/1133\/revisions"}],"predecessor-version":[{"id":1169,"href":"https:\/\/xn--feuerwehr-bersaxen-v6b.at\/index.php\/wp-json\/wp\/v2\/posts\/1133\/revisions\/1169"}],"wp:attachment":[{"href":"https:\/\/xn--feuerwehr-bersaxen-v6b.at\/index.php\/wp-json\/wp\/v2\/media?parent=1133"}],"wp:term":[{"taxonomy":"category","embeddable":true,"href":"https:\/\/xn--feuerwehr-bersaxen-v6b.at\/index.php\/wp-json\/wp\/v2\/categories?post=1133"},{"taxonomy":"post_tag","embeddable":true,"href":"https:\/\/xn--feuerwehr-bersaxen-v6b.at\/index.php\/wp-json\/wp\/v2\/tags?post=1133"}],"curies":[{"name":"wp","href":"https:\/\/api.w.org\/{rel}","templated":true}]}}