{"id":1178,"date":"2019-03-09T12:00:49","date_gmt":"2019-03-09T11:00:49","guid":{"rendered":"http:\/\/xn--feuerwehr-bersaxen-v6b.at\/?p=1178"},"modified":"2019-03-10T18:08:53","modified_gmt":"2019-03-10T17:08:53","slug":"zusatzuebung-fuer-atemschutztraeger","status":"publish","type":"post","link":"https:\/\/xn--feuerwehr-bersaxen-v6b.at\/index.php\/2019\/03\/09\/zusatzuebung-fuer-atemschutztraeger\/","title":{"rendered":"Zusatz\u00fcbung f\u00fcr Atemschutztr\u00e4ger"},"content":{"rendered":"<p><span style=\"font-family: arial, helvetica, sans-serif; font-size: 12pt;\">Am vergangenen Freitag, den 08.03.2019 wurde eine Zusatz\u00fcbung f\u00fcr Atemschutzger\u00e4tetr\u00e4ger durchgef\u00fchrt. Um einmal die eigenen grenzen Kennen zu lernen wurde die \u00dcbung bei der Feuerwehr D\u00fcns durchgef\u00fchrt, diese ist in Besitz einer eigens eingebauten \u00dcbungsstrecke im Feuerwehrhaus. Die Strecke kann in viele verschiedene Varianten umgebaut werden und somit k\u00f6nnen diverse Einsatzszenarien ge\u00fcbt werden.<\/span><\/p>\n<p><span style=\"font-family: arial, helvetica, sans-serif; font-size: 12pt;\">Im Namen der Atemschutzger\u00e4tetr\u00e4ger danken wir den Kameraden aus D\u00fcns f\u00fcr die \u00dcbunsm\u00f6glichkeit und unseren Ger\u00e4tewarten f\u00fcr die tolle Organisation.<\/span><\/p>\nngg_shortcode_0_placeholder\n<p>&nbsp;<\/p>\n","protected":false},"excerpt":{"rendered":"<p>Am vergangenen Freitag, den 08.03.2019 wurde eine Zusatz\u00fcbung f\u00fcr Atemschutzger\u00e4tetr\u00e4ger durchgef\u00fchrt. Um einmal die eigenen grenzen Kennen zu lernen wurde die \u00dcbung bei der Feuerwehr D\u00fcns durchgef\u00fchrt, diese ist in Besitz einer eigens eingebauten \u00dcbungsstrecke im Feuerwehrhaus. Die Strecke kann in viele verschiedene Varianten umgebaut werden und somit k\u00f6nnen diverse Einsatzszenarien ge\u00fcbt werden. Im Namen der Atemschutzger\u00e4tetr\u00e4ger danken wir den<\/p>\n","protected":false},"author":1,"featured_media":0,"comment_status":"closed","ping_status":"closed","sticky":false,"template":"","format":"standard","meta":{"ngg_post_thumbnail":0,"footnotes":""},"categories":[1],"tags":[],"class_list":["post-1178","post","type-post","status-publish","format-standard","hentry","category-allgemein"],"_links":{"self":[{"href":"https:\/\/xn--feuerwehr-bersaxen-v6b.at\/index.php\/wp-json\/wp\/v2\/posts\/1178","targetHints":{"allow":["GET"]}}],"collection":[{"href":"https:\/\/xn--feuerwehr-bersaxen-v6b.at\/index.php\/wp-json\/wp\/v2\/posts"}],"about":[{"href":"https:\/\/xn--feuerwehr-bersaxen-v6b.at\/index.php\/wp-json\/wp\/v2\/types\/post"}],"author":[{"embeddable":true,"href":"https:\/\/xn--feuerwehr-bersaxen-v6b.at\/index.php\/wp-json\/wp\/v2\/users\/1"}],"replies":[{"embeddable":true,"href":"https:\/\/xn--feuerwehr-bersaxen-v6b.at\/index.php\/wp-json\/wp\/v2\/comments?post=1178"}],"version-history":[{"count":5,"href":"https:\/\/xn--feuerwehr-bersaxen-v6b.at\/index.php\/wp-json\/wp\/v2\/posts\/1178\/revisions"}],"predecessor-version":[{"id":1212,"href":"https:\/\/xn--feuerwehr-bersaxen-v6b.at\/index.php\/wp-json\/wp\/v2\/posts\/1178\/revisions\/1212"}],"wp:attachment":[{"href":"https:\/\/xn--feuerwehr-bersaxen-v6b.at\/index.php\/wp-json\/wp\/v2\/media?parent=1178"}],"wp:term":[{"taxonomy":"category","embeddable":true,"href":"https:\/\/xn--feuerwehr-bersaxen-v6b.at\/index.php\/wp-json\/wp\/v2\/categories?post=1178"},{"taxonomy":"post_tag","embeddable":true,"href":"https:\/\/xn--feuerwehr-bersaxen-v6b.at\/index.php\/wp-json\/wp\/v2\/tags?post=1178"}],"curies":[{"name":"wp","href":"https:\/\/api.w.org\/{rel}","templated":true}]}}