{"id":1205,"date":"2019-03-10T18:08:16","date_gmt":"2019-03-10T17:08:16","guid":{"rendered":"http:\/\/xn--feuerwehr-bersaxen-v6b.at\/?p=1205"},"modified":"2019-03-10T18:09:46","modified_gmt":"2019-03-10T17:09:46","slug":"funkenwache","status":"publish","type":"post","link":"https:\/\/xn--feuerwehr-bersaxen-v6b.at\/index.php\/2019\/03\/10\/funkenwache\/","title":{"rendered":"Funkenwache"},"content":{"rendered":"<p><span style=\"font-family: arial, helvetica, sans-serif; font-size: 12pt;\">Am Samstag, den 09. M\u00e4rz 2019 fand das traditionelle Funkenabbrennen der Funkenzunft&nbsp;\u00dcbersaxen statt. Die Feuerwehr \u00dcbersaxen hatte die Kollegen der Funkenzunft schon tatkr\u00e4ftig beim Bau des Funkens unterst\u00fctzt. In weiterer folge wurde dann am Abend der Fackelumzug durch das Dorf begleitet und f\u00fcr Sicherheit gesorgt. Ebenso wurde anschlie\u00dfend auf dem Funkenplatz der Brandschutz Sichergestellt.<\/span><\/p>\nngg_shortcode_0_placeholder\n<p>&nbsp;<\/p>\n","protected":false},"excerpt":{"rendered":"<p>Am Samstag, den 09. M\u00e4rz 2019 fand das traditionelle Funkenabbrennen der Funkenzunft&nbsp;\u00dcbersaxen statt. Die Feuerwehr \u00dcbersaxen hatte die Kollegen der Funkenzunft schon tatkr\u00e4ftig beim Bau des Funkens unterst\u00fctzt. In weiterer folge wurde dann am Abend der Fackelumzug durch das Dorf begleitet und f\u00fcr Sicherheit gesorgt. Ebenso wurde anschlie\u00dfend auf dem Funkenplatz der Brandschutz Sichergestellt. &nbsp;<\/p>\n","protected":false},"author":1,"featured_media":0,"comment_status":"closed","ping_status":"closed","sticky":false,"template":"","format":"standard","meta":{"ngg_post_thumbnail":0,"footnotes":""},"categories":[1],"tags":[],"class_list":["post-1205","post","type-post","status-publish","format-standard","hentry","category-allgemein"],"_links":{"self":[{"href":"https:\/\/xn--feuerwehr-bersaxen-v6b.at\/index.php\/wp-json\/wp\/v2\/posts\/1205","targetHints":{"allow":["GET"]}}],"collection":[{"href":"https:\/\/xn--feuerwehr-bersaxen-v6b.at\/index.php\/wp-json\/wp\/v2\/posts"}],"about":[{"href":"https:\/\/xn--feuerwehr-bersaxen-v6b.at\/index.php\/wp-json\/wp\/v2\/types\/post"}],"author":[{"embeddable":true,"href":"https:\/\/xn--feuerwehr-bersaxen-v6b.at\/index.php\/wp-json\/wp\/v2\/users\/1"}],"replies":[{"embeddable":true,"href":"https:\/\/xn--feuerwehr-bersaxen-v6b.at\/index.php\/wp-json\/wp\/v2\/comments?post=1205"}],"version-history":[{"count":2,"href":"https:\/\/xn--feuerwehr-bersaxen-v6b.at\/index.php\/wp-json\/wp\/v2\/posts\/1205\/revisions"}],"predecessor-version":[{"id":1210,"href":"https:\/\/xn--feuerwehr-bersaxen-v6b.at\/index.php\/wp-json\/wp\/v2\/posts\/1205\/revisions\/1210"}],"wp:attachment":[{"href":"https:\/\/xn--feuerwehr-bersaxen-v6b.at\/index.php\/wp-json\/wp\/v2\/media?parent=1205"}],"wp:term":[{"taxonomy":"category","embeddable":true,"href":"https:\/\/xn--feuerwehr-bersaxen-v6b.at\/index.php\/wp-json\/wp\/v2\/categories?post=1205"},{"taxonomy":"post_tag","embeddable":true,"href":"https:\/\/xn--feuerwehr-bersaxen-v6b.at\/index.php\/wp-json\/wp\/v2\/tags?post=1205"}],"curies":[{"name":"wp","href":"https:\/\/api.w.org\/{rel}","templated":true}]}}