{"id":1224,"date":"2019-04-21T08:00:05","date_gmt":"2019-04-21T06:00:05","guid":{"rendered":"http:\/\/xn--feuerwehr-bersaxen-v6b.at\/?p=1224"},"modified":"2019-04-20T09:47:01","modified_gmt":"2019-04-20T07:47:01","slug":"maiparty-2019","status":"publish","type":"post","link":"https:\/\/xn--feuerwehr-bersaxen-v6b.at\/index.php\/2019\/04\/21\/maiparty-2019\/","title":{"rendered":"Maiparty 2019"},"content":{"rendered":"<p><span style=\"font-size: 12pt; font-family: arial, helvetica, sans-serif;\"><span style=\"0font-size: 18px;\"><span class=\"\\&quot;_4n-j\">Am Samstag, den 04.Mai 2019 findet wieder die legend\u00e4re Maiparty im Dorfsaal \u00dcbersaxen statt.<\/span><\/span><\/span><br \/>\n<span style=\"font-family: arial, helvetica, sans-serif; font-size: 12pt;\"><span style=\"0font-size: 18px;\"><span class=\"\\&quot;_4n-j\">F\u00fcr Stimmung im Saal sorgt in diesem Jahr wieder die bekannte <\/span><\/span><span style=\"0font-size: 18px;\"><span class=\"\\&quot;_4n-j\">Rock \u2013 Pop \u2013 Partyband<\/span><\/span><\/span><br \/>\n<span style=\"font-family: arial, helvetica, sans-serif; font-size: 12pt;\"><span style=\"0font-size: 18px;\"><a href=\"http:\/\/www.dreirad.co.at\/\"><span class=\"\\&quot;_4n-j\"><strong>&#8222;<\/strong><\/span> <span class=\"\\&quot;_4n-j\"><strong>DREIRAD<\/strong><\/span> <\/a><span class=\"\\&quot;_4n-j\"><strong>&#8222;<\/strong> und <\/span><\/span><a href=\"https:\/\/www.facebook.com\/Dj-Sebastian-T-136123726461422\/\"><span style=\"0font-size: 18px;\"><span class=\"\\&quot;_4n-j\"><strong>Dj Sebastian T. <\/strong><\/span><\/span><\/a><\/span><\/p>\n<p><span style=\"font-size: 12pt; font-family: arial, helvetica, sans-serif;\"><span style=\"0font-size: 18px;\"><span class=\"\\&quot;_4n-j\">Saaleinlass ist ab 20:30 Uhr <\/span><\/span><\/span><\/p>\n<p><span style=\"font-size: 12pt; font-family: arial, helvetica, sans-serif;\"><span style=\"0font-size: 18px;\"><span class=\"\\&quot;_4n-j\">Karten sind nur an der Abendkassa erh\u00e4ltlich.<\/span><\/span><\/span><br \/>\n<span style=\"font-size: 12pt; font-family: arial, helvetica, sans-serif;\"><span style=\"0font-size: 18px;\"><span class=\"\\&quot;_4n-j\">Eintritt ab 16 Jahren!<\/span><\/span><\/span><br \/>\n<span style=\"font-size: 12pt; font-family: arial, helvetica, sans-serif;\"><span style=\"0font-size: 18px;\">Auf super Stimmung und euer Kommen freut sich die Feuerwehr \u00dcbersaxen!<\/span><\/span><\/p>\n<p><a href=\"https:\/\/xn--feuerwehr-bersaxen-v6b.at\/wp-content\/uploads\/2019\/03\/MP_2019_A4_RGB.jpg\"><img loading=\"lazy\" decoding=\"async\" class=\"alignleft size-full wp-image-1225\" src=\"https:\/\/xn--feuerwehr-bersaxen-v6b.at\/wp-content\/uploads\/2019\/03\/MP_2019_A4_RGB.jpg\" alt=\"\" width=\"2589\" height=\"3623\"><\/a><\/p>\n","protected":false},"excerpt":{"rendered":"<p>Am Samstag, den 04.Mai 2019 findet wieder die legend\u00e4re Maiparty im Dorfsaal \u00dcbersaxen statt. F\u00fcr Stimmung im Saal sorgt in diesem Jahr wieder die bekannte Rock \u2013 Pop \u2013 Partyband &#8222; DREIRAD &#8222; und Dj Sebastian T. Saaleinlass ist ab 20:30 Uhr Karten sind nur an der Abendkassa erh\u00e4ltlich. Eintritt ab 16 Jahren! Auf super Stimmung und euer Kommen freut<\/p>\n","protected":false},"author":1,"featured_media":0,"comment_status":"closed","ping_status":"closed","sticky":false,"template":"","format":"standard","meta":{"ngg_post_thumbnail":0,"footnotes":""},"categories":[1],"tags":[],"class_list":["post-1224","post","type-post","status-publish","format-standard","hentry","category-allgemein"],"_links":{"self":[{"href":"https:\/\/xn--feuerwehr-bersaxen-v6b.at\/index.php\/wp-json\/wp\/v2\/posts\/1224","targetHints":{"allow":["GET"]}}],"collection":[{"href":"https:\/\/xn--feuerwehr-bersaxen-v6b.at\/index.php\/wp-json\/wp\/v2\/posts"}],"about":[{"href":"https:\/\/xn--feuerwehr-bersaxen-v6b.at\/index.php\/wp-json\/wp\/v2\/types\/post"}],"author":[{"embeddable":true,"href":"https:\/\/xn--feuerwehr-bersaxen-v6b.at\/index.php\/wp-json\/wp\/v2\/users\/1"}],"replies":[{"embeddable":true,"href":"https:\/\/xn--feuerwehr-bersaxen-v6b.at\/index.php\/wp-json\/wp\/v2\/comments?post=1224"}],"version-history":[{"count":4,"href":"https:\/\/xn--feuerwehr-bersaxen-v6b.at\/index.php\/wp-json\/wp\/v2\/posts\/1224\/revisions"}],"predecessor-version":[{"id":1229,"href":"https:\/\/xn--feuerwehr-bersaxen-v6b.at\/index.php\/wp-json\/wp\/v2\/posts\/1224\/revisions\/1229"}],"wp:attachment":[{"href":"https:\/\/xn--feuerwehr-bersaxen-v6b.at\/index.php\/wp-json\/wp\/v2\/media?parent=1224"}],"wp:term":[{"taxonomy":"category","embeddable":true,"href":"https:\/\/xn--feuerwehr-bersaxen-v6b.at\/index.php\/wp-json\/wp\/v2\/categories?post=1224"},{"taxonomy":"post_tag","embeddable":true,"href":"https:\/\/xn--feuerwehr-bersaxen-v6b.at\/index.php\/wp-json\/wp\/v2\/tags?post=1224"}],"curies":[{"name":"wp","href":"https:\/\/api.w.org\/{rel}","templated":true}]}}