{"id":1311,"date":"2019-07-10T09:10:37","date_gmt":"2019-07-10T07:10:37","guid":{"rendered":"http:\/\/xn--feuerwehr-bersaxen-v6b.at\/?p=1311"},"modified":"2019-07-10T09:10:50","modified_gmt":"2019-07-10T07:10:50","slug":"goldener-helm-2019","status":"publish","type":"post","link":"https:\/\/xn--feuerwehr-bersaxen-v6b.at\/index.php\/2019\/07\/10\/goldener-helm-2019\/","title":{"rendered":"Goldener Helm 2019"},"content":{"rendered":"<p><span style=\"font-family: arial, helvetica, sans-serif; font-size: 14pt;\"><strong>Feuerwehr \u00dcbersaxen gewinnt den \u201eGoldenen Helm\u201c 2019<\/strong><\/span><\/p>\n<p><span style=\"font-family: arial, helvetica, sans-serif;\">Der Wettkampf um den \u201eGoldenen Helm\u201c z\u00e4hlt zum H\u00f6hepunkt des allj\u00e4hrlichen Landes-Feuerwehr-Leistungsbewerbs, der dieses Jahr in Rankweil stattfand. Die besten 6 Gruppen der Wertungsklasse Silber treten im Finale um den \u201eGoldenen Helm\u201c an. Das monatelange, schwei\u00dftreibende Training hat sich gelohnt. Die Wettkampfgruppe der Feuerwehr \u00dcbersaxen holte sich den hei\u00df begehrten \u201eGoldenen Helm\u201c 2019 (871,34 Punkte). Somit sind wir stolze Besitzer von insgesamt 4 Goldenen Helmen.<\/span><\/p>\n<p><span style=\"font-family: arial, helvetica, sans-serif;\">Am Sonntag fand die Goldhelmfeier im Feuerwehrhaus \u00dcbersaxen statt. Zahlreiche Wettk\u00e4mpfer, Gratulanten und Freunde sind erschienen und haben den Erfolg mit uns gefeiert. Der Sieg der Troph\u00e4e wurde noch bis tief in die Nacht hinein ausgelassen gefeiert.<\/span><\/p>\n<p><span style=\"font-family: arial, helvetica, sans-serif;\">Ein gro\u00dfes Dankesch\u00f6n an alle Fans, die uns tatkr\u00e4ftig unterst\u00fctzt haben sowie allen flei\u00dfigen Helfern, die uns eine unvergessliche Goldhelmfeier erm\u00f6glicht haben.<\/span><\/p>\n<p><span style=\"font-family: arial, helvetica, sans-serif;\">Die Kameraden der Feuerwehr \u00dcbersaxen<\/span><\/p>\n<p><span style=\"font-family: arial, helvetica, sans-serif;\"><a href=\"https:\/\/xn--feuerwehr-bersaxen-v6b.at\/wp-content\/uploads\/2019\/07\/Rangliste2019.pdf\">Rangliste2019<\/a><\/span><\/p>\nngg_shortcode_0_placeholder\n","protected":false},"excerpt":{"rendered":"<p>Feuerwehr \u00dcbersaxen gewinnt den \u201eGoldenen Helm\u201c 2019 Der Wettkampf um den \u201eGoldenen Helm\u201c z\u00e4hlt zum H\u00f6hepunkt des allj\u00e4hrlichen Landes-Feuerwehr-Leistungsbewerbs, der dieses Jahr in Rankweil stattfand. Die besten 6 Gruppen der Wertungsklasse Silber treten im Finale um den \u201eGoldenen Helm\u201c an. Das monatelange, schwei\u00dftreibende Training hat sich gelohnt. Die Wettkampfgruppe der Feuerwehr \u00dcbersaxen holte sich den hei\u00df begehrten \u201eGoldenen Helm\u201c 2019<\/p>\n","protected":false},"author":1,"featured_media":0,"comment_status":"closed","ping_status":"closed","sticky":false,"template":"","format":"standard","meta":{"ngg_post_thumbnail":0,"footnotes":""},"categories":[1],"tags":[],"class_list":["post-1311","post","type-post","status-publish","format-standard","hentry","category-allgemein"],"_links":{"self":[{"href":"https:\/\/xn--feuerwehr-bersaxen-v6b.at\/index.php\/wp-json\/wp\/v2\/posts\/1311","targetHints":{"allow":["GET"]}}],"collection":[{"href":"https:\/\/xn--feuerwehr-bersaxen-v6b.at\/index.php\/wp-json\/wp\/v2\/posts"}],"about":[{"href":"https:\/\/xn--feuerwehr-bersaxen-v6b.at\/index.php\/wp-json\/wp\/v2\/types\/post"}],"author":[{"embeddable":true,"href":"https:\/\/xn--feuerwehr-bersaxen-v6b.at\/index.php\/wp-json\/wp\/v2\/users\/1"}],"replies":[{"embeddable":true,"href":"https:\/\/xn--feuerwehr-bersaxen-v6b.at\/index.php\/wp-json\/wp\/v2\/comments?post=1311"}],"version-history":[{"count":3,"href":"https:\/\/xn--feuerwehr-bersaxen-v6b.at\/index.php\/wp-json\/wp\/v2\/posts\/1311\/revisions"}],"predecessor-version":[{"id":1320,"href":"https:\/\/xn--feuerwehr-bersaxen-v6b.at\/index.php\/wp-json\/wp\/v2\/posts\/1311\/revisions\/1320"}],"wp:attachment":[{"href":"https:\/\/xn--feuerwehr-bersaxen-v6b.at\/index.php\/wp-json\/wp\/v2\/media?parent=1311"}],"wp:term":[{"taxonomy":"category","embeddable":true,"href":"https:\/\/xn--feuerwehr-bersaxen-v6b.at\/index.php\/wp-json\/wp\/v2\/categories?post=1311"},{"taxonomy":"post_tag","embeddable":true,"href":"https:\/\/xn--feuerwehr-bersaxen-v6b.at\/index.php\/wp-json\/wp\/v2\/tags?post=1311"}],"curies":[{"name":"wp","href":"https:\/\/api.w.org\/{rel}","templated":true}]}}