{"id":1362,"date":"2019-08-04T21:40:10","date_gmt":"2019-08-04T19:40:10","guid":{"rendered":"http:\/\/xn--feuerwehr-bersaxen-v6b.at\/?p=1362"},"modified":"2019-08-04T21:40:49","modified_gmt":"2019-08-04T19:40:49","slug":"ein-tag-bei-der-feuerwehr-ferienprogramm","status":"publish","type":"post","link":"https:\/\/xn--feuerwehr-bersaxen-v6b.at\/index.php\/2019\/08\/04\/ein-tag-bei-der-feuerwehr-ferienprogramm\/","title":{"rendered":"Ein Tag bei der Feuerwehr &#8211; Ferienprogramm"},"content":{"rendered":"<p><span style=\"font-family: arial, helvetica, sans-serif;\">Am vergangenen Samstag, den 03. August 2019 konnte die Feuerwehr \u00dcbersaxen im Rahmen des Ferienprogrammes der Gemeinde \u00dcbersaxen wieder zahlreiche Kinder im Feuerwehrhaus begr\u00fc\u00dfen.<\/span><br \/>\n<span style=\"font-family: arial, helvetica, sans-serif;\">Wie bereits im vergangenen Jahr wurde den Kindern die Aufgaben so wie die Arbeit der Feuerwehr etwas n\u00e4hergebracht. Nat\u00fcrlich durfte dabei Spiel, Spa\u00df und Action nicht zu kurz kommen.<\/span><br \/>\n<span style=\"font-family: arial, helvetica, sans-serif;\">Bei verschiedenen Stationen konnten sich die Kinder als angehende Feuerwehrler beweisen. Es musste eine Hindernissparcour bew\u00e4ltigt werden, ein Ball durch ein Labyrinth gespritzt werden, unser Grisu im Verrauchten Keller gesucht werden und zum Abschluss durfte das Fahren mit dem Feuerwehrauto nicht fehlen. Der Ereignisreiche Tag wurde noch mit einer Jause und Getr\u00e4nken abgerundet, als Erinnerung konnte allen Teilnehmern ein kleines Geschenk \u00fcberreicht werden.<\/span><\/p>\nngg_shortcode_0_placeholder\n","protected":false},"excerpt":{"rendered":"<p>Am vergangenen Samstag, den 03. August 2019 konnte die Feuerwehr \u00dcbersaxen im Rahmen des Ferienprogrammes der Gemeinde \u00dcbersaxen wieder zahlreiche Kinder im Feuerwehrhaus begr\u00fc\u00dfen. Wie bereits im vergangenen Jahr wurde den Kindern die Aufgaben so wie die Arbeit der Feuerwehr etwas n\u00e4hergebracht. Nat\u00fcrlich durfte dabei Spiel, Spa\u00df und Action nicht zu kurz kommen. Bei verschiedenen Stationen konnten sich die Kinder<\/p>\n","protected":false},"author":1,"featured_media":0,"comment_status":"closed","ping_status":"closed","sticky":false,"template":"","format":"standard","meta":{"ngg_post_thumbnail":0,"footnotes":""},"categories":[1],"tags":[],"class_list":["post-1362","post","type-post","status-publish","format-standard","hentry","category-allgemein"],"_links":{"self":[{"href":"https:\/\/xn--feuerwehr-bersaxen-v6b.at\/index.php\/wp-json\/wp\/v2\/posts\/1362","targetHints":{"allow":["GET"]}}],"collection":[{"href":"https:\/\/xn--feuerwehr-bersaxen-v6b.at\/index.php\/wp-json\/wp\/v2\/posts"}],"about":[{"href":"https:\/\/xn--feuerwehr-bersaxen-v6b.at\/index.php\/wp-json\/wp\/v2\/types\/post"}],"author":[{"embeddable":true,"href":"https:\/\/xn--feuerwehr-bersaxen-v6b.at\/index.php\/wp-json\/wp\/v2\/users\/1"}],"replies":[{"embeddable":true,"href":"https:\/\/xn--feuerwehr-bersaxen-v6b.at\/index.php\/wp-json\/wp\/v2\/comments?post=1362"}],"version-history":[{"count":3,"href":"https:\/\/xn--feuerwehr-bersaxen-v6b.at\/index.php\/wp-json\/wp\/v2\/posts\/1362\/revisions"}],"predecessor-version":[{"id":1376,"href":"https:\/\/xn--feuerwehr-bersaxen-v6b.at\/index.php\/wp-json\/wp\/v2\/posts\/1362\/revisions\/1376"}],"wp:attachment":[{"href":"https:\/\/xn--feuerwehr-bersaxen-v6b.at\/index.php\/wp-json\/wp\/v2\/media?parent=1362"}],"wp:term":[{"taxonomy":"category","embeddable":true,"href":"https:\/\/xn--feuerwehr-bersaxen-v6b.at\/index.php\/wp-json\/wp\/v2\/categories?post=1362"},{"taxonomy":"post_tag","embeddable":true,"href":"https:\/\/xn--feuerwehr-bersaxen-v6b.at\/index.php\/wp-json\/wp\/v2\/tags?post=1362"}],"curies":[{"name":"wp","href":"https:\/\/api.w.org\/{rel}","templated":true}]}}