{"id":1408,"date":"2019-09-26T18:45:33","date_gmt":"2019-09-26T16:45:33","guid":{"rendered":"http:\/\/xn--feuerwehr-bersaxen-v6b.at\/?p=1408"},"modified":"2019-10-14T19:34:01","modified_gmt":"2019-10-14T17:34:01","slug":"einsatz-08","status":"publish","type":"post","link":"https:\/\/xn--feuerwehr-bersaxen-v6b.at\/index.php\/2019\/09\/26\/einsatz-08\/","title":{"rendered":"Einsatz 08"},"content":{"rendered":"<p><span style=\"font-family: arial, helvetica, sans-serif;\">Am Dienstag, den 24.September 2019 um 17:21 Uhr wurde die Feuerwehr \u00dcbersaxen zu einem Motorradunfall gerufen. Die Alarmierung lautete wie folgt:<\/span><\/p>\n<p><span style=\"font-family: arial, helvetica, sans-serif;\"><strong>t1 r2 \u00dcbersaxen Kirchstra\u00dfe L73 Richtung D\u00fcnserberg &#8211; Motorradunfall 1 Verletzte Person<\/strong><\/span><\/p>\n<p><span style=\"font-family: arial, helvetica, sans-serif;\">Ein Motorradfahrer ist aus unbekannter Ursache von der Fahrbahn abgekommen und gegen die B\u00f6schung gekracht, der Fahrzeuglenker wurde dabei verletzt. Die Versorgung des Unfall Lenkers wurde durch den ebenfalls alarmierten First Responder und dem Rettungsdienst vorgenommen. Seitens der Feuerwehr war kein Einsatz Notwendig. Im Einsatz standen TLF, Rettungsdienst und Polizei.<\/span><\/p>\n<p>&nbsp;<\/p>\n","protected":false},"excerpt":{"rendered":"<p>Am Dienstag, den 24.September 2019 um 17:21 Uhr wurde die Feuerwehr \u00dcbersaxen zu einem Motorradunfall gerufen. Die Alarmierung lautete wie folgt: t1 r2 \u00dcbersaxen Kirchstra\u00dfe L73 Richtung D\u00fcnserberg &#8211; Motorradunfall 1 Verletzte Person Ein Motorradfahrer ist aus unbekannter Ursache von der Fahrbahn abgekommen und gegen die B\u00f6schung gekracht, der Fahrzeuglenker wurde dabei verletzt. Die Versorgung des Unfall Lenkers wurde durch<\/p>\n","protected":false},"author":1,"featured_media":0,"comment_status":"closed","ping_status":"closed","sticky":false,"template":"","format":"standard","meta":{"ngg_post_thumbnail":0,"footnotes":""},"categories":[1],"tags":[],"class_list":["post-1408","post","type-post","status-publish","format-standard","hentry","category-allgemein"],"_links":{"self":[{"href":"https:\/\/xn--feuerwehr-bersaxen-v6b.at\/index.php\/wp-json\/wp\/v2\/posts\/1408","targetHints":{"allow":["GET"]}}],"collection":[{"href":"https:\/\/xn--feuerwehr-bersaxen-v6b.at\/index.php\/wp-json\/wp\/v2\/posts"}],"about":[{"href":"https:\/\/xn--feuerwehr-bersaxen-v6b.at\/index.php\/wp-json\/wp\/v2\/types\/post"}],"author":[{"embeddable":true,"href":"https:\/\/xn--feuerwehr-bersaxen-v6b.at\/index.php\/wp-json\/wp\/v2\/users\/1"}],"replies":[{"embeddable":true,"href":"https:\/\/xn--feuerwehr-bersaxen-v6b.at\/index.php\/wp-json\/wp\/v2\/comments?post=1408"}],"version-history":[{"count":4,"href":"https:\/\/xn--feuerwehr-bersaxen-v6b.at\/index.php\/wp-json\/wp\/v2\/posts\/1408\/revisions"}],"predecessor-version":[{"id":1459,"href":"https:\/\/xn--feuerwehr-bersaxen-v6b.at\/index.php\/wp-json\/wp\/v2\/posts\/1408\/revisions\/1459"}],"wp:attachment":[{"href":"https:\/\/xn--feuerwehr-bersaxen-v6b.at\/index.php\/wp-json\/wp\/v2\/media?parent=1408"}],"wp:term":[{"taxonomy":"category","embeddable":true,"href":"https:\/\/xn--feuerwehr-bersaxen-v6b.at\/index.php\/wp-json\/wp\/v2\/categories?post=1408"},{"taxonomy":"post_tag","embeddable":true,"href":"https:\/\/xn--feuerwehr-bersaxen-v6b.at\/index.php\/wp-json\/wp\/v2\/tags?post=1408"}],"curies":[{"name":"wp","href":"https:\/\/api.w.org\/{rel}","templated":true}]}}