{"id":1411,"date":"2020-10-02T13:00:30","date_gmt":"2020-10-02T11:00:30","guid":{"rendered":"http:\/\/xn--feuerwehr-bersaxen-v6b.at\/?p=1411"},"modified":"2020-10-02T13:44:19","modified_gmt":"2020-10-02T11:44:19","slug":"zivilschutz-probealarm-am-5-oktober-2019","status":"publish","type":"post","link":"https:\/\/xn--feuerwehr-bersaxen-v6b.at\/index.php\/2020\/10\/02\/zivilschutz-probealarm-am-5-oktober-2019\/","title":{"rendered":"Zivilschutz-Probealarm am 3. Oktober 2020"},"content":{"rendered":"<p class=\"g-lead\"><span style=\"font-family: arial, helvetica, sans-serif; font-size: 12pt;\"><span class=\"g-shadow-letter\">Z<\/span>wischen 12 und 13 Uhr wird dieser Zivilschutz &#8211; Probealarm von der Bundeswarnzentrale im Bundesministerium f\u00fcr Inneres mit den \u00c4mtern der Landesregierungen durchgef\u00fchrt.<\/span><\/p>\n<p><span style=\"font-family: arial, helvetica, sans-serif; font-size: 12pt;\"><img loading=\"lazy\" decoding=\"async\" class=\"alignright\" src=\"https:\/\/www.lfv-vorarlberg.at\/images\/stories\/Aktuelles\/thumbs\/thumb_Sirene.jpg\" alt=\"thumb Sirene\" width=\"218\" height=\"145\"><\/span><\/p>\n<p><span style=\"font-size: 12pt; font-family: arial, helvetica, sans-serif;\">\u00d6sterreich verf\u00fcgt \u00fcber ein Fl\u00e4chen deckendes Warn- und Alarmsystem. Mit mehr als 8.000 Sirenen kann die Bev\u00f6lkerung im Katastrophenfall gewarnt und alarmiert werden. Um Sie mit diesen Signalen vertraut zu machen und gleichzeitig die Funktion und Reichweite der Sirenen zu testen, wird einmal j\u00e4hrlich von der Bundeswarnzentrale im Bundesministerium f\u00fcr Inneres mit den \u00c4mtern der Landesregierungen ein \u00d6sterreich weiter Zivilschutz-Probealarm durchgef\u00fchrt.<\/span><\/p>\n<p><span style=\"font-family: arial, helvetica, sans-serif; font-size: 12pt; color: #ff0000;\"><strong><a style=\"color: #ff0000;\" href=\"https:\/\/xn--feuerwehr-bersaxen-v6b.at\/index.php\/buergerservice-2\/sirenensignale\/\">Information Zivilschutz &#8211; Probealarm<\/a><\/strong><\/span><\/p>\n","protected":false},"excerpt":{"rendered":"<p>Zwischen 12 und 13 Uhr wird dieser Zivilschutz &#8211; Probealarm von der Bundeswarnzentrale im Bundesministerium f\u00fcr Inneres mit den \u00c4mtern der Landesregierungen durchgef\u00fchrt. \u00d6sterreich verf\u00fcgt \u00fcber ein Fl\u00e4chen deckendes Warn- und Alarmsystem. Mit mehr als 8.000 Sirenen kann die Bev\u00f6lkerung im Katastrophenfall gewarnt und alarmiert werden. Um Sie mit diesen Signalen vertraut zu machen und gleichzeitig die Funktion und Reichweite<\/p>\n","protected":false},"author":1,"featured_media":0,"comment_status":"closed","ping_status":"closed","sticky":false,"template":"","format":"standard","meta":{"ngg_post_thumbnail":0,"footnotes":""},"categories":[1],"tags":[],"class_list":["post-1411","post","type-post","status-publish","format-standard","hentry","category-allgemein"],"_links":{"self":[{"href":"https:\/\/xn--feuerwehr-bersaxen-v6b.at\/index.php\/wp-json\/wp\/v2\/posts\/1411","targetHints":{"allow":["GET"]}}],"collection":[{"href":"https:\/\/xn--feuerwehr-bersaxen-v6b.at\/index.php\/wp-json\/wp\/v2\/posts"}],"about":[{"href":"https:\/\/xn--feuerwehr-bersaxen-v6b.at\/index.php\/wp-json\/wp\/v2\/types\/post"}],"author":[{"embeddable":true,"href":"https:\/\/xn--feuerwehr-bersaxen-v6b.at\/index.php\/wp-json\/wp\/v2\/users\/1"}],"replies":[{"embeddable":true,"href":"https:\/\/xn--feuerwehr-bersaxen-v6b.at\/index.php\/wp-json\/wp\/v2\/comments?post=1411"}],"version-history":[{"count":7,"href":"https:\/\/xn--feuerwehr-bersaxen-v6b.at\/index.php\/wp-json\/wp\/v2\/posts\/1411\/revisions"}],"predecessor-version":[{"id":1675,"href":"https:\/\/xn--feuerwehr-bersaxen-v6b.at\/index.php\/wp-json\/wp\/v2\/posts\/1411\/revisions\/1675"}],"wp:attachment":[{"href":"https:\/\/xn--feuerwehr-bersaxen-v6b.at\/index.php\/wp-json\/wp\/v2\/media?parent=1411"}],"wp:term":[{"taxonomy":"category","embeddable":true,"href":"https:\/\/xn--feuerwehr-bersaxen-v6b.at\/index.php\/wp-json\/wp\/v2\/categories?post=1411"},{"taxonomy":"post_tag","embeddable":true,"href":"https:\/\/xn--feuerwehr-bersaxen-v6b.at\/index.php\/wp-json\/wp\/v2\/tags?post=1411"}],"curies":[{"name":"wp","href":"https:\/\/api.w.org\/{rel}","templated":true}]}}