{"id":1418,"date":"2019-10-06T21:18:16","date_gmt":"2019-10-06T19:18:16","guid":{"rendered":"http:\/\/xn--feuerwehr-bersaxen-v6b.at\/?p=1418"},"modified":"2019-10-06T21:19:06","modified_gmt":"2019-10-06T19:19:06","slug":"atemschutz-heissausbildung","status":"publish","type":"post","link":"https:\/\/xn--feuerwehr-bersaxen-v6b.at\/index.php\/2019\/10\/06\/atemschutz-heissausbildung\/","title":{"rendered":"Atemschutz Hei\u00dfausbildung"},"content":{"rendered":"<p><span style=\"font-family: arial, helvetica, sans-serif;\">Vergangenen Samstag, den 05.10.2019 nahm die Atemschutzger\u00e4tetr\u00e4ger der Feuerwehr \u00dcbersaxen an einer Hei\u00dfausbildung in Vaduz (FL) teil.<\/span><\/p>\n<p><span style=\"font-family: arial, helvetica, sans-serif;\">Gemeinsam mit Kameraden der Feuerwehr Rankweil, Zwischenwasser und der Betriebsfeuerwehr \u00d6BB wurden unter sehr realit\u00e4tsnahen Bedingungen und bei verschiedenen Szenarien zum Thema Brandeinsatz verschiedene \u00dcbungen durchgef\u00fchrt. Die Teilnehmer-\/innen absolvierten dabei \u00dcbungen mit den Schwerpunkten &#8222;Suchen und Retten&#8220; sowie &#8222;Richtiges Vorgehen in einem Brandraum\/Strahlrohrf\u00fchrung\/Rauchgask\u00fchlung&#8220; in der feststoffbefeuerten sowie erdgasbefeuerten \u00dcbungsanlage.<\/span><\/p>\n<p><span style=\"font-family: arial, helvetica, sans-serif;\">Im Namen der Atemschutzger\u00e4tetr\u00e4ger der Feuerwehr \u00dcbersaxen bedanken wir uns bei allen Organisatoren und Ausbildnern der Feuerwehr Rankweil und den Betreuern der \u00dcbungsanlage.<\/span><\/p>\nngg_shortcode_0_placeholder\n","protected":false},"excerpt":{"rendered":"<p>Vergangenen Samstag, den 05.10.2019 nahm die Atemschutzger\u00e4tetr\u00e4ger der Feuerwehr \u00dcbersaxen an einer Hei\u00dfausbildung in Vaduz (FL) teil. Gemeinsam mit Kameraden der Feuerwehr Rankweil, Zwischenwasser und der Betriebsfeuerwehr \u00d6BB wurden unter sehr realit\u00e4tsnahen Bedingungen und bei verschiedenen Szenarien zum Thema Brandeinsatz verschiedene \u00dcbungen durchgef\u00fchrt. Die Teilnehmer-\/innen absolvierten dabei \u00dcbungen mit den Schwerpunkten &#8222;Suchen und Retten&#8220; sowie &#8222;Richtiges Vorgehen in einem Brandraum\/Strahlrohrf\u00fchrung\/Rauchgask\u00fchlung&#8220;<\/p>\n","protected":false},"author":1,"featured_media":0,"comment_status":"closed","ping_status":"closed","sticky":false,"template":"","format":"standard","meta":{"ngg_post_thumbnail":0,"footnotes":""},"categories":[1],"tags":[],"class_list":["post-1418","post","type-post","status-publish","format-standard","hentry","category-allgemein"],"_links":{"self":[{"href":"https:\/\/xn--feuerwehr-bersaxen-v6b.at\/index.php\/wp-json\/wp\/v2\/posts\/1418","targetHints":{"allow":["GET"]}}],"collection":[{"href":"https:\/\/xn--feuerwehr-bersaxen-v6b.at\/index.php\/wp-json\/wp\/v2\/posts"}],"about":[{"href":"https:\/\/xn--feuerwehr-bersaxen-v6b.at\/index.php\/wp-json\/wp\/v2\/types\/post"}],"author":[{"embeddable":true,"href":"https:\/\/xn--feuerwehr-bersaxen-v6b.at\/index.php\/wp-json\/wp\/v2\/users\/1"}],"replies":[{"embeddable":true,"href":"https:\/\/xn--feuerwehr-bersaxen-v6b.at\/index.php\/wp-json\/wp\/v2\/comments?post=1418"}],"version-history":[{"count":3,"href":"https:\/\/xn--feuerwehr-bersaxen-v6b.at\/index.php\/wp-json\/wp\/v2\/posts\/1418\/revisions"}],"predecessor-version":[{"id":1433,"href":"https:\/\/xn--feuerwehr-bersaxen-v6b.at\/index.php\/wp-json\/wp\/v2\/posts\/1418\/revisions\/1433"}],"wp:attachment":[{"href":"https:\/\/xn--feuerwehr-bersaxen-v6b.at\/index.php\/wp-json\/wp\/v2\/media?parent=1418"}],"wp:term":[{"taxonomy":"category","embeddable":true,"href":"https:\/\/xn--feuerwehr-bersaxen-v6b.at\/index.php\/wp-json\/wp\/v2\/categories?post=1418"},{"taxonomy":"post_tag","embeddable":true,"href":"https:\/\/xn--feuerwehr-bersaxen-v6b.at\/index.php\/wp-json\/wp\/v2\/tags?post=1418"}],"curies":[{"name":"wp","href":"https:\/\/api.w.org\/{rel}","templated":true}]}}