{"id":1434,"date":"2019-10-13T14:40:44","date_gmt":"2019-10-13T12:40:44","guid":{"rendered":"http:\/\/xn--feuerwehr-bersaxen-v6b.at\/?p=1434"},"modified":"2019-10-13T14:42:02","modified_gmt":"2019-10-13T12:42:02","slug":"abschnittsuebung-in-meiningen","status":"publish","type":"post","link":"https:\/\/xn--feuerwehr-bersaxen-v6b.at\/index.php\/2019\/10\/13\/abschnittsuebung-in-meiningen\/","title":{"rendered":"Abschnitts\u00fcbung in Meiningen"},"content":{"rendered":"<p><span style=\"font-family: arial, helvetica, sans-serif;\">Am Freitag, dem 11.10.2019 fand die diesj\u00e4hrige Abschnitts\u00fcbung des Feuerwehrabschnittes 44 in Meiningen auf dem Firmengel\u00e4nde der Firma CHT statt. Abschnittsfeuerwehrkommandant Wolfgang St\u00f6cklmair und sein Team von Helfern haben eine umfangreiche \u00dcbung f\u00fcr alle Feuerwehren unseres Abschnittes organisiert. Die Aufgaben waren breit gestreut. So musste eine Brandbek\u00e4mpfung mit Personensuche in einem Teil des Firmengel\u00e4ndes durchgef\u00fchrt werden, eine Schulklasse, welche auf Firmenbesichtigung war, musste gesucht und gerettet werden, 1 Person war unter einem Gabelstapler eingeklemmt und eine Person war auf einer Plattform auf dem Gabelstapler bewusstlos zusammengebrochen.<\/span><br \/>\n<span style=\"font-family: arial, helvetica, sans-serif;\">Die gestellten Aufgaben waren alle innerhalb von einer Stunde zur Zufriedenheit der zahlreichen \u00dcbungsbeobachter abgearbeitet und es konnte mit dem Aufr\u00e4umen begonnen werden. Nach dem Aufr\u00e4umen wurde noch eine kurze Nachbesprechung mit der gesamten \u00dcbungsmannschaft durchgef\u00fchrt und anschlie\u00dfend wurde eine gem\u00fctliche Jause im Ger\u00e4tehaus der Feuerwehr Meiningen genossen. Wir bedanken uns bei allen an dieser \u00dcbung beteiligten Kameraden und auch bei den vielen \u00dcbungsdarsteller f\u00fcr die Mitwirkung an dieser \u00dcbung.<\/span><\/p>\nngg_shortcode_0_placeholder\n","protected":false},"excerpt":{"rendered":"<p>Am Freitag, dem 11.10.2019 fand die diesj\u00e4hrige Abschnitts\u00fcbung des Feuerwehrabschnittes 44 in Meiningen auf dem Firmengel\u00e4nde der Firma CHT statt. Abschnittsfeuerwehrkommandant Wolfgang St\u00f6cklmair und sein Team von Helfern haben eine umfangreiche \u00dcbung f\u00fcr alle Feuerwehren unseres Abschnittes organisiert. Die Aufgaben waren breit gestreut. So musste eine Brandbek\u00e4mpfung mit Personensuche in einem Teil des Firmengel\u00e4ndes durchgef\u00fchrt werden, eine Schulklasse, welche auf<\/p>\n","protected":false},"author":1,"featured_media":0,"comment_status":"closed","ping_status":"closed","sticky":false,"template":"","format":"standard","meta":{"ngg_post_thumbnail":0,"footnotes":""},"categories":[1],"tags":[],"class_list":["post-1434","post","type-post","status-publish","format-standard","hentry","category-allgemein"],"_links":{"self":[{"href":"https:\/\/xn--feuerwehr-bersaxen-v6b.at\/index.php\/wp-json\/wp\/v2\/posts\/1434","targetHints":{"allow":["GET"]}}],"collection":[{"href":"https:\/\/xn--feuerwehr-bersaxen-v6b.at\/index.php\/wp-json\/wp\/v2\/posts"}],"about":[{"href":"https:\/\/xn--feuerwehr-bersaxen-v6b.at\/index.php\/wp-json\/wp\/v2\/types\/post"}],"author":[{"embeddable":true,"href":"https:\/\/xn--feuerwehr-bersaxen-v6b.at\/index.php\/wp-json\/wp\/v2\/users\/1"}],"replies":[{"embeddable":true,"href":"https:\/\/xn--feuerwehr-bersaxen-v6b.at\/index.php\/wp-json\/wp\/v2\/comments?post=1434"}],"version-history":[{"count":3,"href":"https:\/\/xn--feuerwehr-bersaxen-v6b.at\/index.php\/wp-json\/wp\/v2\/posts\/1434\/revisions"}],"predecessor-version":[{"id":1449,"href":"https:\/\/xn--feuerwehr-bersaxen-v6b.at\/index.php\/wp-json\/wp\/v2\/posts\/1434\/revisions\/1449"}],"wp:attachment":[{"href":"https:\/\/xn--feuerwehr-bersaxen-v6b.at\/index.php\/wp-json\/wp\/v2\/media?parent=1434"}],"wp:term":[{"taxonomy":"category","embeddable":true,"href":"https:\/\/xn--feuerwehr-bersaxen-v6b.at\/index.php\/wp-json\/wp\/v2\/categories?post=1434"},{"taxonomy":"post_tag","embeddable":true,"href":"https:\/\/xn--feuerwehr-bersaxen-v6b.at\/index.php\/wp-json\/wp\/v2\/tags?post=1434"}],"curies":[{"name":"wp","href":"https:\/\/api.w.org\/{rel}","templated":true}]}}