{"id":1464,"date":"2019-10-27T09:43:49","date_gmt":"2019-10-27T08:43:49","guid":{"rendered":"http:\/\/xn--feuerwehr-bersaxen-v6b.at\/?p=1464"},"modified":"2019-10-27T09:44:29","modified_gmt":"2019-10-27T08:44:29","slug":"herbst-abschlussuebung","status":"publish","type":"post","link":"https:\/\/xn--feuerwehr-bersaxen-v6b.at\/index.php\/2019\/10\/27\/herbst-abschlussuebung\/","title":{"rendered":"Herbst &#8211; Abschluss\u00fcbung"},"content":{"rendered":"<p>Zum Abschluss des Ausbildungsjahres 2019 wurde vergangenen Sonntag, den 20. Oktober 2019 unsere \u00d6ffentliche Herbst -Abschluss\u00fcbung in \u00dcbersaxen durchgef\u00fchrt. Die \u00dcbung wurde bei einem Stallgeb\u00e4ude, n\u00e4he Dorfzentrum abgehalten. Die Alarmierung erfolgte \u00fcber Pager und Sirene und lautete wie folgt:<\/p>\n<p><strong>f4 &#8211; Brandausbruch im Stallgeb\u00e4ude nach Schwei\u00dfarbeiten &#8211;&nbsp; Personen vermisst<\/strong><\/p>\n<p>Zus\u00e4tzlich zur Feuerwehr \u00dcbersaxen waren auch die First &#8211; Responder aus \u00dcbersaxen an der \u00dcbung beteiligt. Die zahlreich erschienenen Besucher konnten aus n\u00e4chster N\u00e4he beobachten wie bei so einem Ereignis vorgegangen wird und es wurden ihnen unter fachkundiger Moderation einiges Wissenswertes \u00fcber die Feuerwehr und deren eingesetzten Ger\u00e4te n\u00e4her gebracht. Zu den Aufgaben der Feuerwehr z\u00e4hlte das Befreien einer eingeklemmten Person unter einem Traktor, das suchen vermisster Personen mittels schwerem Atemschutz in verrauchten R\u00e4umen und das Aufbauen eines umfassenden L\u00f6schangriffs um das Stallgeb\u00e4ude.&nbsp;<\/p>\n<p>Im Namen der Feuerwehr \u00dcbersaxen bedanken wir uns bei den zahlreich erschienenen Besuchern f\u00fcr ihr Interesse.<\/p>\nngg_shortcode_0_placeholder\n","protected":false},"excerpt":{"rendered":"<p>Zum Abschluss des Ausbildungsjahres 2019 wurde vergangenen Sonntag, den 20. Oktober 2019 unsere \u00d6ffentliche Herbst -Abschluss\u00fcbung in \u00dcbersaxen durchgef\u00fchrt. Die \u00dcbung wurde bei einem Stallgeb\u00e4ude, n\u00e4he Dorfzentrum abgehalten. Die Alarmierung erfolgte \u00fcber Pager und Sirene und lautete wie folgt: f4 &#8211; Brandausbruch im Stallgeb\u00e4ude nach Schwei\u00dfarbeiten &#8211;&nbsp; Personen vermisst Zus\u00e4tzlich zur Feuerwehr \u00dcbersaxen waren auch die First &#8211; Responder aus<\/p>\n","protected":false},"author":1,"featured_media":0,"comment_status":"closed","ping_status":"closed","sticky":false,"template":"","format":"standard","meta":{"ngg_post_thumbnail":0,"footnotes":""},"categories":[1],"tags":[],"class_list":["post-1464","post","type-post","status-publish","format-standard","hentry","category-allgemein"],"_links":{"self":[{"href":"https:\/\/xn--feuerwehr-bersaxen-v6b.at\/index.php\/wp-json\/wp\/v2\/posts\/1464","targetHints":{"allow":["GET"]}}],"collection":[{"href":"https:\/\/xn--feuerwehr-bersaxen-v6b.at\/index.php\/wp-json\/wp\/v2\/posts"}],"about":[{"href":"https:\/\/xn--feuerwehr-bersaxen-v6b.at\/index.php\/wp-json\/wp\/v2\/types\/post"}],"author":[{"embeddable":true,"href":"https:\/\/xn--feuerwehr-bersaxen-v6b.at\/index.php\/wp-json\/wp\/v2\/users\/1"}],"replies":[{"embeddable":true,"href":"https:\/\/xn--feuerwehr-bersaxen-v6b.at\/index.php\/wp-json\/wp\/v2\/comments?post=1464"}],"version-history":[{"count":2,"href":"https:\/\/xn--feuerwehr-bersaxen-v6b.at\/index.php\/wp-json\/wp\/v2\/posts\/1464\/revisions"}],"predecessor-version":[{"id":1484,"href":"https:\/\/xn--feuerwehr-bersaxen-v6b.at\/index.php\/wp-json\/wp\/v2\/posts\/1464\/revisions\/1484"}],"wp:attachment":[{"href":"https:\/\/xn--feuerwehr-bersaxen-v6b.at\/index.php\/wp-json\/wp\/v2\/media?parent=1464"}],"wp:term":[{"taxonomy":"category","embeddable":true,"href":"https:\/\/xn--feuerwehr-bersaxen-v6b.at\/index.php\/wp-json\/wp\/v2\/categories?post=1464"},{"taxonomy":"post_tag","embeddable":true,"href":"https:\/\/xn--feuerwehr-bersaxen-v6b.at\/index.php\/wp-json\/wp\/v2\/tags?post=1464"}],"curies":[{"name":"wp","href":"https:\/\/api.w.org\/{rel}","templated":true}]}}