{"id":1513,"date":"2019-12-18T22:00:17","date_gmt":"2019-12-18T21:00:17","guid":{"rendered":"http:\/\/xn--feuerwehr-bersaxen-v6b.at\/?p=1513"},"modified":"2019-12-22T20:23:27","modified_gmt":"2019-12-22T19:23:27","slug":"jahresrueckblick-2019","status":"publish","type":"post","link":"https:\/\/xn--feuerwehr-bersaxen-v6b.at\/index.php\/2019\/12\/18\/jahresrueckblick-2019\/","title":{"rendered":"Jahresr\u00fcckblick 2019"},"content":{"rendered":"<p><span style=\"font-family: arial, helvetica, sans-serif;\">Das Jahr 2019 begann f\u00fcr die Feuerwehr \u00dcbersaxen traditionell mit der Jahreshauptversammlung, bei der auf ein sehr erfolgreiches Jahr 2018 zur\u00fcckgeblickt werden konnte. Im Mittelpunkt der Versammlung stand die Neuwahl des Kommandanten. Erich Eberle gab nach 7 Jahren das Amt des Kommandanten ab und Matthias Fritsch wurde mit absoluter Mehrheit zum neuen Kommandanten der OF \u00dcbersaxen gew\u00e4hlt. Des Weiteren \u00fcberreichte der Landesfeuerwehrverband das Verdienstkreuz in Bronze f\u00fcr besondere T\u00e4tigkeiten im Feuerwehrwesen an Erich Eberle f\u00fcr 7 Jahre Amt des Kommandanten sowie an Martin Breu\u00df &#8211; Rainberg f\u00fcr erfreuliche 22 Jahre T\u00e4tigkeit des Atemschutzger\u00e4tewarts. Kamerad Simon Zizer wurde feierlich angelobt und in den aktiven Feuerwehrdienst aufgenommen.<\/span><\/p>\n<p><span style=\"font-family: arial, helvetica, sans-serif;\">Im Jahr 2019 musste die Feuerwehr \u00dcbersaxen zu 7 technischen- und <\/span><span style=\"font-family: arial, helvetica, sans-serif;\">2 Brandeins\u00e4tzen ausr\u00fccken:<\/span><\/p>\n<ul>\n<li><span style=\"font-family: arial, helvetica, sans-serif;\">mehrere Eins\u00e4tze aufgrund umgest\u00fcrzter B\u00e4ume auf Stra\u00dfen<\/span><\/li>\n<li><span style=\"font-family: arial, helvetica, sans-serif;\">\u00dcbersaxen \u2013 Stromausfall auf Grund Schneesturm<\/span><\/li>\n<li><span style=\"font-family: arial, helvetica, sans-serif;\">\u00dcbersaxen Dorfstra\u00dfe \u2013 Kaminbrand<\/span><\/li>\n<li><span style=\"font-family: arial, helvetica, sans-serif;\">\u00dcbersaxen Schellriemenweg \u2013 Starke Rauchentwicklung im Keller<\/span><\/li>\n<li><span style=\"font-family: arial, helvetica, sans-serif;\">\u00dcbersaxen Kirchstra\u00dfe \u2013 Austritt K\u00fchlfl\u00fcssigkeit eines LKW\u2018s<\/span><\/li>\n<li><span style=\"font-family: arial, helvetica, sans-serif;\">\u00dcbersaxner Stra\u00dfe Richtung D\u00fcnserberg \u2013 Motorradunfall mit verletzter Person<\/span><\/li>\n<li><span style=\"font-family: arial, helvetica, sans-serif;\">\u00d6sterreichweiter Notrufausfall und Festnetzst\u00f6rung<\/span><\/li>\n<\/ul>\n<p><span style=\"font-family: arial, helvetica, sans-serif;\">Um f\u00fcr Eins\u00e4tze in \u00dcbersaxen und Umgebung bestens ger\u00fcstet zu sein, investierten die \u00dcbersaxner Feuerwehrm\u00e4nner\/-frauen unz\u00e4hlige Freizeitstunden in Aus- und Weiterbildung. Einige Atemschutztr\u00e4ger besuchten wieder die Hei\u00df\u00fcbungsanlage in Vaduz. Dort wurden unter sehr realit\u00e4tsnahen Bedingungen verschiedenen Brandszenarien durchgef\u00fchrt. Unsere diesj\u00e4hrige Herbstabschluss\u00fcbung fand im Stallgeb\u00e4ude von G\u00fcnther Breu\u00df statt. Um der Dorfbev\u00f6lkerung hautnah einen Einblick in die Arbeit der Feuerwehr zu geben, stellten wir eine Brand\u00fcbung sowie ein technisches \u00dcbungsszenario zur Schau. Die Feuerwehr \u00dcbersaxen kann f\u00fcr Eins\u00e4tze, \u00dcbungen, Schulungen, Leistungsbewerbe, Aus- und Weiterbildung im Feuerwehrausbildungszentrum Feldkirch im Jahr 2019 ca. 5535 geleistete Stunden verzeichnen.<\/span><\/p>\n<p><span style=\"font-family: arial, helvetica, sans-serif;\">Der absolute H\u00f6hepunkt f\u00fcr die Feuerwehr \u00dcbersaxen fand beim diesj\u00e4hrigen Landesfeuerwehrleistungsbewerb in Rankweil statt. Die Wettkampfgruppe 1 holte &nbsp;&nbsp;&nbsp;sich nach einem sensationellen Lauf den hei\u00df begehrten \u201eGoldenen Helm\u201c. Somit sind wir stolze Besitzer von insgesamt 4 Goldenen Helmen. Am Tag darauf fand die Goldhelmfeier im Feuerwehrhaus statt. Zahlreiche Wettk\u00e4mpfer, Gratulanten und Freunde sind erschienen und haben den Erfolg mit uns gefeiert. Der Sieg der Troph\u00e4e wurde noch bis tief in die Nacht hinein ausgelassen gefeiert. Beim Nassbewerb in Viktorsberg standen unsere beiden Wettkampfgruppen im Finale.<\/span><\/p>\n<p><span style=\"font-family: arial, helvetica, sans-serif;\">Die Goldhelmgruppe erreichte den hervorragenden 3. Rang in der Klasse A und die Altersgruppe erk\u00e4mpfte sich den ausgezeichneten 1. Rang in der Klasse B.<\/span><\/p>\n<p><span style=\"font-family: arial, helvetica, sans-serif;\">Die Frauenwettkampfgruppe Abschnitt 44 mit unseren Kameradinnen Hanna Steiner, Laura Liesinger und Tanja Breu\u00df gingen im heuer als Wettkampfgruppe \u00dcbersaxen 2 an den Start und werden auch im n\u00e4chsten Jahr unter \u00dcbersaxen 2 starten. Die Damen nahmen an zahlreichen Bewerben teil und konnten ihr K\u00f6nnen mit guten Ergebnissen u.a. beim Landesleistungsbewerb in Rankweil unter Beweis stellen, somit k\u00f6nnen sie sich Hoffnungen auf eine Qualifikation f\u00fcr den Bundesbewerb in St. P\u00f6lten 2020 machen.<\/span><\/p>\n<p><span style=\"font-family: arial, helvetica, sans-serif;\">Um den Umgang mit einem schweren Atemschutzger\u00e4t zu perfektionieren nahm beim diesj\u00e4hrigen Atemschutzeistungsbewerb in R\u00f6this die Feuerwehr \u00dcbersaxen mit einem Atemschutztrupp teil.<\/span><\/p>\n<p><span style=\"font-family: arial, helvetica, sans-serif;\">Die Kameraden Hanna Steiner, Matthias Fritsch und Norbert Breu\u00df (D\u00fcns) gingen in der Klasse Gold an den Start und konnten die Pr\u00fcfung mit Bravour meistern und somit das begehrte Abzeichen in Empfang nehmen.<\/span><\/p>\n<p><span style=\"font-family: arial, helvetica, sans-serif;\">Im Zuge des Neubaus der Sportanlage in \u00dcbersaxen wurde f\u00fcr die Feuerwehr eine eigene Trainingsbahn mit Nass-Saugstelle gebaut. Somit sind wir optimal ausgestattet und bestens ger\u00fcstet um uns f\u00fcr zuk\u00fcnftige Nassleistungsbewerbe vorzubereiten. Im Namen der Feuerwehr \u00dcbersaxen bedanken wir uns bei der Gemeinde f\u00fcr die perfekte Ausarbeitung des neuen Trainingsgel\u00e4ndes.&nbsp;<\/span><\/p>\n<p><span style=\"font-family: arial, helvetica, sans-serif;\">Wie in den vergangenen Jahren wurde wieder eine Blutspendenaktion durchgef\u00fchrt sowie das f\u00fcr die Kinder veranstaltete Ferienprogramm. Spiel, Spa\u00df und Action kamen nicht zu kurz. Den Kindern wurden die Aufgaben der Feuerwehr spielerisch etwas n\u00e4hergebracht.<\/span><\/p>\n<p><span style=\"font-family: arial, helvetica, sans-serif;\">Heuer wurde die schon traditionell alle 2 Jahre stattfindende Feuerl\u00f6scher-\u00dcberpr\u00fcfaktion in Zusammenarbeit mit der Firma <a href=\"https:\/\/www.robert-franz.at\/\">Robert FRANZ Brandschutztechnik<\/a>&nbsp;und seinem Team im Ger\u00e4tehaus durchgef\u00fchrt. Es konnten rund 120 tragbare Feuerl\u00f6scher \u00fcberpr\u00fcft werden. Allf\u00e4llige Fragen zum Thema Feuerl\u00f6scher, Verhalten im Brandfall und Rauchwarnmelder wurden von den Mitarbeitern sowie den anwesenden Feuerwehrkameraden gerne beantwortet.<\/span><\/p>\n<p><span style=\"font-family: arial, helvetica, sans-serif;\">Um das \u201eMiteinander\u201c der Wehrkameraden zu st\u00e4rken stand ein Preisjassen auf dem Programm unseres Kameradschaftsabends. \u00dcber den Sieg durfte sich Manfred Breu\u00df freuen. Anschlie\u00dfend verw\u00f6hnte Kantineur Wolfgang Breu\u00df uns mit einer k\u00f6stlichen Hennilepartie.<\/span><\/p>\n<p><span style=\"font-family: arial, helvetica, sans-serif;\">Zum Jahresabschluss wurde das Feuerwehrhaus wieder einer Grundreinigung unterzogen. Neben der Grundreinigung wurden auch gleichzeitig s\u00e4mtliche Ger\u00e4tschaften \u00fcberpr\u00fcft und auf Vordermann gebracht. Auch die Feuerwehrfahrzeuge erstrahlen nun wieder in neuem Glanz.<\/span><\/p>\nngg_shortcode_0_placeholder\n<p>&nbsp;<\/p>\n","protected":false},"excerpt":{"rendered":"<p>Das Jahr 2019 begann f\u00fcr die Feuerwehr \u00dcbersaxen traditionell mit der Jahreshauptversammlung, bei der auf ein sehr erfolgreiches Jahr 2018 zur\u00fcckgeblickt werden konnte. Im Mittelpunkt der Versammlung stand die Neuwahl des Kommandanten. Erich Eberle gab nach 7 Jahren das Amt des Kommandanten ab und Matthias Fritsch wurde mit absoluter Mehrheit zum neuen Kommandanten der OF \u00dcbersaxen gew\u00e4hlt. Des Weiteren \u00fcberreichte<\/p>\n","protected":false},"author":1,"featured_media":0,"comment_status":"closed","ping_status":"closed","sticky":false,"template":"","format":"standard","meta":{"ngg_post_thumbnail":0,"footnotes":""},"categories":[1],"tags":[],"class_list":["post-1513","post","type-post","status-publish","format-standard","hentry","category-allgemein"],"_links":{"self":[{"href":"https:\/\/xn--feuerwehr-bersaxen-v6b.at\/index.php\/wp-json\/wp\/v2\/posts\/1513","targetHints":{"allow":["GET"]}}],"collection":[{"href":"https:\/\/xn--feuerwehr-bersaxen-v6b.at\/index.php\/wp-json\/wp\/v2\/posts"}],"about":[{"href":"https:\/\/xn--feuerwehr-bersaxen-v6b.at\/index.php\/wp-json\/wp\/v2\/types\/post"}],"author":[{"embeddable":true,"href":"https:\/\/xn--feuerwehr-bersaxen-v6b.at\/index.php\/wp-json\/wp\/v2\/users\/1"}],"replies":[{"embeddable":true,"href":"https:\/\/xn--feuerwehr-bersaxen-v6b.at\/index.php\/wp-json\/wp\/v2\/comments?post=1513"}],"version-history":[{"count":6,"href":"https:\/\/xn--feuerwehr-bersaxen-v6b.at\/index.php\/wp-json\/wp\/v2\/posts\/1513\/revisions"}],"predecessor-version":[{"id":1527,"href":"https:\/\/xn--feuerwehr-bersaxen-v6b.at\/index.php\/wp-json\/wp\/v2\/posts\/1513\/revisions\/1527"}],"wp:attachment":[{"href":"https:\/\/xn--feuerwehr-bersaxen-v6b.at\/index.php\/wp-json\/wp\/v2\/media?parent=1513"}],"wp:term":[{"taxonomy":"category","embeddable":true,"href":"https:\/\/xn--feuerwehr-bersaxen-v6b.at\/index.php\/wp-json\/wp\/v2\/categories?post=1513"},{"taxonomy":"post_tag","embeddable":true,"href":"https:\/\/xn--feuerwehr-bersaxen-v6b.at\/index.php\/wp-json\/wp\/v2\/tags?post=1513"}],"curies":[{"name":"wp","href":"https:\/\/api.w.org\/{rel}","templated":true}]}}