{"id":1555,"date":"2020-02-03T21:45:15","date_gmt":"2020-02-03T20:45:15","guid":{"rendered":"http:\/\/xn--feuerwehr-bersaxen-v6b.at\/?p=1555"},"modified":"2020-02-03T22:04:21","modified_gmt":"2020-02-03T21:04:21","slug":"127-jahreshauptversammlung","status":"publish","type":"post","link":"https:\/\/xn--feuerwehr-bersaxen-v6b.at\/index.php\/2020\/02\/03\/127-jahreshauptversammlung\/","title":{"rendered":"127. Jahreshauptversammlung"},"content":{"rendered":"<p><span style=\"font-family: arial, helvetica, sans-serif;\">Die 127. Jahreshauptversammlung der Feuerwehr \u00dcbersaxen fand im Gr\u00f6llerkopfst\u00fcble statt. Zuvor wurde im Gottesdienst an die verstorbenen Mitglieder gedacht. Kommandant Matthias Fritsch er\u00f6ffnete die Jahreshauptversammlung und durfte die Ehreng\u00e4ste B\u00fcrgermeister Rainer Duelli, Bezirksfeuerwehrinspektor Manfred Morscher, Abschnittsfeuerwehrkommandant Wolfgang St\u00f6cklmair, Kommandant Stv. der Feuerwehr Rankweil Markus Mayr, Fahnenpatin Helga Vogt sowie die Frauen unserer geehrten Kameraden begr\u00fc\u00dfen. Im Jahr 2019 musste die Feuerwehr zu 7 Technischen- und 2 Brandeins\u00e4tzen ausr\u00fccken. Um f\u00fcr Eins\u00e4tze bestens ger\u00fcstet zu sein, investierten die Feuerwehrm\u00e4nner\/frauen ca. 5667 Freizeitstunden in Aus- und Weiterbildung. Der absolute H\u00f6hepunkt fand beim Landesfeuerwehrleistungsbewerb in Rankweil statt. Die Wettkampfgruppe holte sich nach einem sensationellen Lauf den hei\u00df begehrten \u201eGoldenen Helm\u201c. Ein weiterer erfreulicher Tagesordnungspunkt waren die Ehrungen. Arnold Breu\u00df und Walter Breu\u00df durften wir zu 60 Jahren Feuerwehrdienst gratulieren. Alexander Lorenzi und Heiko Lins wurden f\u00fcr 25 Dienstjahre geehrt. Im letzten Jahr wurde f\u00fcr die Feuerwehr eine eigene Trainingsbahn mit Nass-Saugstelle gebaut. Im Namen der Feuerwehr \u00dcbersaxen bedanken wir uns bei der Gemeinde f\u00fcr die perfekte Ausarbeitung des neuen Trainingsgel\u00e4ndes. Mit dem Leitspruch \u201eGott zur Ehr, dem n\u00e4chsten zur Wehr\u201c schloss Kommandant Matthias Fritsch die Jahreshauptversammlung.<\/span><\/p>\nngg_shortcode_0_placeholder\n","protected":false},"excerpt":{"rendered":"<p>Die 127. Jahreshauptversammlung der Feuerwehr \u00dcbersaxen fand im Gr\u00f6llerkopfst\u00fcble statt. Zuvor wurde im Gottesdienst an die verstorbenen Mitglieder gedacht. Kommandant Matthias Fritsch er\u00f6ffnete die Jahreshauptversammlung und durfte die Ehreng\u00e4ste B\u00fcrgermeister Rainer Duelli, Bezirksfeuerwehrinspektor Manfred Morscher, Abschnittsfeuerwehrkommandant Wolfgang St\u00f6cklmair, Kommandant Stv. der Feuerwehr Rankweil Markus Mayr, Fahnenpatin Helga Vogt sowie die Frauen unserer geehrten Kameraden begr\u00fc\u00dfen. Im Jahr 2019 musste die<\/p>\n","protected":false},"author":1,"featured_media":0,"comment_status":"closed","ping_status":"closed","sticky":false,"template":"","format":"standard","meta":{"ngg_post_thumbnail":0,"footnotes":""},"categories":[1],"tags":[],"class_list":["post-1555","post","type-post","status-publish","format-standard","hentry","category-allgemein"],"_links":{"self":[{"href":"https:\/\/xn--feuerwehr-bersaxen-v6b.at\/index.php\/wp-json\/wp\/v2\/posts\/1555","targetHints":{"allow":["GET"]}}],"collection":[{"href":"https:\/\/xn--feuerwehr-bersaxen-v6b.at\/index.php\/wp-json\/wp\/v2\/posts"}],"about":[{"href":"https:\/\/xn--feuerwehr-bersaxen-v6b.at\/index.php\/wp-json\/wp\/v2\/types\/post"}],"author":[{"embeddable":true,"href":"https:\/\/xn--feuerwehr-bersaxen-v6b.at\/index.php\/wp-json\/wp\/v2\/users\/1"}],"replies":[{"embeddable":true,"href":"https:\/\/xn--feuerwehr-bersaxen-v6b.at\/index.php\/wp-json\/wp\/v2\/comments?post=1555"}],"version-history":[{"count":7,"href":"https:\/\/xn--feuerwehr-bersaxen-v6b.at\/index.php\/wp-json\/wp\/v2\/posts\/1555\/revisions"}],"predecessor-version":[{"id":1568,"href":"https:\/\/xn--feuerwehr-bersaxen-v6b.at\/index.php\/wp-json\/wp\/v2\/posts\/1555\/revisions\/1568"}],"wp:attachment":[{"href":"https:\/\/xn--feuerwehr-bersaxen-v6b.at\/index.php\/wp-json\/wp\/v2\/media?parent=1555"}],"wp:term":[{"taxonomy":"category","embeddable":true,"href":"https:\/\/xn--feuerwehr-bersaxen-v6b.at\/index.php\/wp-json\/wp\/v2\/categories?post=1555"},{"taxonomy":"post_tag","embeddable":true,"href":"https:\/\/xn--feuerwehr-bersaxen-v6b.at\/index.php\/wp-json\/wp\/v2\/tags?post=1555"}],"curies":[{"name":"wp","href":"https:\/\/api.w.org\/{rel}","templated":true}]}}