{"id":1571,"date":"2020-02-11T19:42:43","date_gmt":"2020-02-11T18:42:43","guid":{"rendered":"http:\/\/xn--feuerwehr-bersaxen-v6b.at\/?p=1571"},"modified":"2020-02-11T19:42:43","modified_gmt":"2020-02-11T18:42:43","slug":"einsatz-01-2","status":"publish","type":"post","link":"https:\/\/xn--feuerwehr-bersaxen-v6b.at\/index.php\/2020\/02\/11\/einsatz-01-2\/","title":{"rendered":"Einsatz 01"},"content":{"rendered":"<p>Auf Grund des Sturmtiefs &#8222;Sabine&#8220; wurde die Feuerwehr \u00dcbersaxen am Montag, den 10.02.2020 um 23:45 Uhr zu einem Einsatz gerufen.<\/p>\n<p>Die Alarmierung lautet wie folgt:<br \/>\n<strong>t2 &#8211; \u00dcbersaxen L73 \u00dcbersaxnerstra\u00dfe B\u00e4ume verlegen die Stra\u00dfe h\u00f6he Steinbruch Keckeis<\/strong><br \/>\nIn Zusammenarbeit mit der Feuerwehr Rankweil wurden die zahlreich entwurzelten B\u00e4ume mittels Motorkettens\u00e4ge zerkleinert und somit die L73 \u00dcbersaxnersta\u00dfe von beiden Richtungen wieder freigelegt.<\/p>\nngg_shortcode_0_placeholder\n<p>&nbsp;<\/p>\n","protected":false},"excerpt":{"rendered":"<p>Auf Grund des Sturmtiefs &#8222;Sabine&#8220; wurde die Feuerwehr \u00dcbersaxen am Montag, den 10.02.2020 um 23:45 Uhr zu einem Einsatz gerufen. Die Alarmierung lautet wie folgt: t2 &#8211; \u00dcbersaxen L73 \u00dcbersaxnerstra\u00dfe B\u00e4ume verlegen die Stra\u00dfe h\u00f6he Steinbruch Keckeis In Zusammenarbeit mit der Feuerwehr Rankweil wurden die zahlreich entwurzelten B\u00e4ume mittels Motorkettens\u00e4ge zerkleinert und somit die L73 \u00dcbersaxnersta\u00dfe von beiden Richtungen wieder<\/p>\n","protected":false},"author":1,"featured_media":0,"comment_status":"closed","ping_status":"closed","sticky":false,"template":"","format":"standard","meta":{"ngg_post_thumbnail":0,"footnotes":""},"categories":[1],"tags":[],"class_list":["post-1571","post","type-post","status-publish","format-standard","hentry","category-allgemein"],"_links":{"self":[{"href":"https:\/\/xn--feuerwehr-bersaxen-v6b.at\/index.php\/wp-json\/wp\/v2\/posts\/1571","targetHints":{"allow":["GET"]}}],"collection":[{"href":"https:\/\/xn--feuerwehr-bersaxen-v6b.at\/index.php\/wp-json\/wp\/v2\/posts"}],"about":[{"href":"https:\/\/xn--feuerwehr-bersaxen-v6b.at\/index.php\/wp-json\/wp\/v2\/types\/post"}],"author":[{"embeddable":true,"href":"https:\/\/xn--feuerwehr-bersaxen-v6b.at\/index.php\/wp-json\/wp\/v2\/users\/1"}],"replies":[{"embeddable":true,"href":"https:\/\/xn--feuerwehr-bersaxen-v6b.at\/index.php\/wp-json\/wp\/v2\/comments?post=1571"}],"version-history":[{"count":3,"href":"https:\/\/xn--feuerwehr-bersaxen-v6b.at\/index.php\/wp-json\/wp\/v2\/posts\/1571\/revisions"}],"predecessor-version":[{"id":1584,"href":"https:\/\/xn--feuerwehr-bersaxen-v6b.at\/index.php\/wp-json\/wp\/v2\/posts\/1571\/revisions\/1584"}],"wp:attachment":[{"href":"https:\/\/xn--feuerwehr-bersaxen-v6b.at\/index.php\/wp-json\/wp\/v2\/media?parent=1571"}],"wp:term":[{"taxonomy":"category","embeddable":true,"href":"https:\/\/xn--feuerwehr-bersaxen-v6b.at\/index.php\/wp-json\/wp\/v2\/categories?post=1571"},{"taxonomy":"post_tag","embeddable":true,"href":"https:\/\/xn--feuerwehr-bersaxen-v6b.at\/index.php\/wp-json\/wp\/v2\/tags?post=1571"}],"curies":[{"name":"wp","href":"https:\/\/api.w.org\/{rel}","templated":true}]}}