{"id":1580,"date":"2020-02-11T19:43:34","date_gmt":"2020-02-11T18:43:34","guid":{"rendered":"http:\/\/xn--feuerwehr-bersaxen-v6b.at\/?p=1580"},"modified":"2020-02-11T19:44:44","modified_gmt":"2020-02-11T18:44:44","slug":"geburt-von-luisa","status":"publish","type":"post","link":"https:\/\/xn--feuerwehr-bersaxen-v6b.at\/index.php\/2020\/02\/11\/geburt-von-luisa\/","title":{"rendered":"Geburt von Luisa"},"content":{"rendered":"<p>Wir gratulieren unserer Feuerwehrkameradin Laura Liesinger und ihrem Mann Dominik recht herzlich zum Nachwuchs. Die kleine Luisa hat am 11.02.2020 das Licht der Welt erblickt. Wir w\u00fcnschen der jungen Familie viel Gl\u00fcck und alles Gute f\u00fcr die Zukunft.<\/p>\n<p>Eure Feuerwehrkameraden\/-innen<\/p>\n","protected":false},"excerpt":{"rendered":"<p>Wir gratulieren unserer Feuerwehrkameradin Laura Liesinger und ihrem Mann Dominik recht herzlich zum Nachwuchs. Die kleine Luisa hat am 11.02.2020 das Licht der Welt erblickt. Wir w\u00fcnschen der jungen Familie viel Gl\u00fcck und alles Gute f\u00fcr die Zukunft. Eure Feuerwehrkameraden\/-innen<\/p>\n","protected":false},"author":1,"featured_media":0,"comment_status":"closed","ping_status":"closed","sticky":false,"template":"","format":"standard","meta":{"ngg_post_thumbnail":0,"footnotes":""},"categories":[1],"tags":[],"class_list":["post-1580","post","type-post","status-publish","format-standard","hentry","category-allgemein"],"_links":{"self":[{"href":"https:\/\/xn--feuerwehr-bersaxen-v6b.at\/index.php\/wp-json\/wp\/v2\/posts\/1580","targetHints":{"allow":["GET"]}}],"collection":[{"href":"https:\/\/xn--feuerwehr-bersaxen-v6b.at\/index.php\/wp-json\/wp\/v2\/posts"}],"about":[{"href":"https:\/\/xn--feuerwehr-bersaxen-v6b.at\/index.php\/wp-json\/wp\/v2\/types\/post"}],"author":[{"embeddable":true,"href":"https:\/\/xn--feuerwehr-bersaxen-v6b.at\/index.php\/wp-json\/wp\/v2\/users\/1"}],"replies":[{"embeddable":true,"href":"https:\/\/xn--feuerwehr-bersaxen-v6b.at\/index.php\/wp-json\/wp\/v2\/comments?post=1580"}],"version-history":[{"count":1,"href":"https:\/\/xn--feuerwehr-bersaxen-v6b.at\/index.php\/wp-json\/wp\/v2\/posts\/1580\/revisions"}],"predecessor-version":[{"id":1581,"href":"https:\/\/xn--feuerwehr-bersaxen-v6b.at\/index.php\/wp-json\/wp\/v2\/posts\/1580\/revisions\/1581"}],"wp:attachment":[{"href":"https:\/\/xn--feuerwehr-bersaxen-v6b.at\/index.php\/wp-json\/wp\/v2\/media?parent=1580"}],"wp:term":[{"taxonomy":"category","embeddable":true,"href":"https:\/\/xn--feuerwehr-bersaxen-v6b.at\/index.php\/wp-json\/wp\/v2\/categories?post=1580"},{"taxonomy":"post_tag","embeddable":true,"href":"https:\/\/xn--feuerwehr-bersaxen-v6b.at\/index.php\/wp-json\/wp\/v2\/tags?post=1580"}],"curies":[{"name":"wp","href":"https:\/\/api.w.org\/{rel}","templated":true}]}}