{"id":1609,"date":"2020-03-01T11:31:03","date_gmt":"2020-03-01T10:31:03","guid":{"rendered":"http:\/\/xn--feuerwehr-bersaxen-v6b.at\/?p=1609"},"modified":"2020-03-01T11:32:44","modified_gmt":"2020-03-01T10:32:44","slug":"traditionelles-funkenabbrennen","status":"publish","type":"post","link":"https:\/\/xn--feuerwehr-bersaxen-v6b.at\/index.php\/2020\/03\/01\/traditionelles-funkenabbrennen\/","title":{"rendered":"Traditionelles Funkenabbrennen"},"content":{"rendered":"<p>Am Samstag, den 29. Februar 2020 fand das traditionelle Funkenabbrennen der Funkenzunft \u00dcbersaxen statt. Die Feuerwehr \u00dcbersaxen hatte die Kollegen der Funkenzunft schon tatkr\u00e4ftig beim Bau des Funkens unterst\u00fctzt. In weiterer Folge wurde dann am Abend auf dem Funkenplatz der Brandschutz Sichergestellt.<\/p>\nngg_shortcode_0_placeholder\n","protected":false},"excerpt":{"rendered":"<p>Am Samstag, den 29. Februar 2020 fand das traditionelle Funkenabbrennen der Funkenzunft \u00dcbersaxen statt. Die Feuerwehr \u00dcbersaxen hatte die Kollegen der Funkenzunft schon tatkr\u00e4ftig beim Bau des Funkens unterst\u00fctzt. In weiterer Folge wurde dann am Abend auf dem Funkenplatz der Brandschutz Sichergestellt.<\/p>\n","protected":false},"author":1,"featured_media":0,"comment_status":"closed","ping_status":"closed","sticky":false,"template":"","format":"standard","meta":{"ngg_post_thumbnail":0,"footnotes":""},"categories":[1],"tags":[],"class_list":["post-1609","post","type-post","status-publish","format-standard","hentry","category-allgemein"],"_links":{"self":[{"href":"https:\/\/xn--feuerwehr-bersaxen-v6b.at\/index.php\/wp-json\/wp\/v2\/posts\/1609","targetHints":{"allow":["GET"]}}],"collection":[{"href":"https:\/\/xn--feuerwehr-bersaxen-v6b.at\/index.php\/wp-json\/wp\/v2\/posts"}],"about":[{"href":"https:\/\/xn--feuerwehr-bersaxen-v6b.at\/index.php\/wp-json\/wp\/v2\/types\/post"}],"author":[{"embeddable":true,"href":"https:\/\/xn--feuerwehr-bersaxen-v6b.at\/index.php\/wp-json\/wp\/v2\/users\/1"}],"replies":[{"embeddable":true,"href":"https:\/\/xn--feuerwehr-bersaxen-v6b.at\/index.php\/wp-json\/wp\/v2\/comments?post=1609"}],"version-history":[{"count":4,"href":"https:\/\/xn--feuerwehr-bersaxen-v6b.at\/index.php\/wp-json\/wp\/v2\/posts\/1609\/revisions"}],"predecessor-version":[{"id":1617,"href":"https:\/\/xn--feuerwehr-bersaxen-v6b.at\/index.php\/wp-json\/wp\/v2\/posts\/1609\/revisions\/1617"}],"wp:attachment":[{"href":"https:\/\/xn--feuerwehr-bersaxen-v6b.at\/index.php\/wp-json\/wp\/v2\/media?parent=1609"}],"wp:term":[{"taxonomy":"category","embeddable":true,"href":"https:\/\/xn--feuerwehr-bersaxen-v6b.at\/index.php\/wp-json\/wp\/v2\/categories?post=1609"},{"taxonomy":"post_tag","embeddable":true,"href":"https:\/\/xn--feuerwehr-bersaxen-v6b.at\/index.php\/wp-json\/wp\/v2\/tags?post=1609"}],"curies":[{"name":"wp","href":"https:\/\/api.w.org\/{rel}","templated":true}]}}