{"id":1623,"date":"2020-03-13T15:36:07","date_gmt":"2020-03-13T14:36:07","guid":{"rendered":"http:\/\/xn--feuerwehr-bersaxen-v6b.at\/?p=1623"},"modified":"2020-04-05T10:22:46","modified_gmt":"2020-04-05T08:22:46","slug":"covid-19-massnahmen-auswirkungen","status":"publish","type":"post","link":"https:\/\/xn--feuerwehr-bersaxen-v6b.at\/index.php\/2020\/03\/13\/covid-19-massnahmen-auswirkungen\/","title":{"rendered":"&#8222;COVID-19&#8220; Ma\u00dfnahmen &#038; Auswirkungen"},"content":{"rendered":"<p><span style=\"font-size: 12pt; font-family: arial, helvetica, sans-serif;\">Wie bereits bekannt und immer wieder aus allen Medien mitgeteilt, treffen uns laufend neue Auswirkungen des Coronavirus \u201eCOVID-19\u201c.<\/span><\/p>\n<p><span style=\"font-size: 12pt; font-family: arial, helvetica, sans-serif;\">Aus diesem Grund bleibt auch die Feuerwehr \u00dcbersaxen mit Ma\u00dfnahmen nicht verschont. Es werden laufend neue Ma\u00dfnahmen vom Krisenstab der Bundes- und Landesregierung beschlossen und ver\u00f6ffentlicht (Einschr\u00e4nkungen bzw. Absagen von Veranstaltungen, Schlie\u00dfungen von Schulen ab n\u00e4chster Woche, ..)<\/span><\/p>\n<p><span style=\"font-size: 12pt; font-family: arial, helvetica, sans-serif;\">Da f\u00fcr uns die Sicherheit und der Erhalt unserer Einsatzbereitschaft oberstes Ziel ist, haben wir uns entschlossen ebenfalls Ma\u00dfnahmen zu treffen. Auf Empfehlung des Landesfeuerwehrverbandes und durch Informationen anderer Feuerwehren, werden auch wir unsere Ausbildungseinheiten bis voraussichtlich 03. April 2020 absagen. (Stand 12.03.2020)<\/span><\/p>\n<p><span style=\"font-size: 12pt; font-family: arial, helvetica, sans-serif;\"><strong><span style=\"background-color: #ffffff; color: #ff0000;\">Die Einsatzbereitschaft ist davon nicht betroffen, wir werden wie gewohnt bei einem Einsatz so rasch wie m\u00f6glich ausr\u00fccken.<\/span><\/strong><\/span><\/p>\n<p><span style=\"font-size: 12pt; font-family: arial, helvetica, sans-serif;\">Laufende Informationen werden&nbsp;auf der Seite des&nbsp;<a href=\"https:\/\/www.sozialministerium.at\/Themen\/Gesundheit\/Uebertragbare-Krankheiten\/Infektionskrankheiten-A-Z\/Neuartiges-Coronavirus.html\">Sozialministeriums<\/a>&nbsp;oder unter&nbsp;<a href=\"http:\/\/www.vorarlberg.at\/corona\">www.vorarlberg.at\/corona<\/a>&nbsp;bzw.&nbsp;<a href=\"http:\/\/www.vorarlberg.at\/warnung\">www.vorarlberg.at\/warnung<\/a>&nbsp;herausgegeben<\/span><\/p>\n","protected":false},"excerpt":{"rendered":"<p>Wie bereits bekannt und immer wieder aus allen Medien mitgeteilt, treffen uns laufend neue Auswirkungen des Coronavirus \u201eCOVID-19\u201c. Aus diesem Grund bleibt auch die Feuerwehr \u00dcbersaxen mit Ma\u00dfnahmen nicht verschont. Es werden laufend neue Ma\u00dfnahmen vom Krisenstab der Bundes- und Landesregierung beschlossen und ver\u00f6ffentlicht (Einschr\u00e4nkungen bzw. Absagen von Veranstaltungen, Schlie\u00dfungen von Schulen ab n\u00e4chster Woche, ..) Da f\u00fcr uns die<\/p>\n","protected":false},"author":1,"featured_media":0,"comment_status":"closed","ping_status":"closed","sticky":false,"template":"","format":"standard","meta":{"ngg_post_thumbnail":0,"footnotes":""},"categories":[1],"tags":[],"class_list":["post-1623","post","type-post","status-publish","format-standard","hentry","category-allgemein"],"_links":{"self":[{"href":"https:\/\/xn--feuerwehr-bersaxen-v6b.at\/index.php\/wp-json\/wp\/v2\/posts\/1623","targetHints":{"allow":["GET"]}}],"collection":[{"href":"https:\/\/xn--feuerwehr-bersaxen-v6b.at\/index.php\/wp-json\/wp\/v2\/posts"}],"about":[{"href":"https:\/\/xn--feuerwehr-bersaxen-v6b.at\/index.php\/wp-json\/wp\/v2\/types\/post"}],"author":[{"embeddable":true,"href":"https:\/\/xn--feuerwehr-bersaxen-v6b.at\/index.php\/wp-json\/wp\/v2\/users\/1"}],"replies":[{"embeddable":true,"href":"https:\/\/xn--feuerwehr-bersaxen-v6b.at\/index.php\/wp-json\/wp\/v2\/comments?post=1623"}],"version-history":[{"count":6,"href":"https:\/\/xn--feuerwehr-bersaxen-v6b.at\/index.php\/wp-json\/wp\/v2\/posts\/1623\/revisions"}],"predecessor-version":[{"id":1649,"href":"https:\/\/xn--feuerwehr-bersaxen-v6b.at\/index.php\/wp-json\/wp\/v2\/posts\/1623\/revisions\/1649"}],"wp:attachment":[{"href":"https:\/\/xn--feuerwehr-bersaxen-v6b.at\/index.php\/wp-json\/wp\/v2\/media?parent=1623"}],"wp:term":[{"taxonomy":"category","embeddable":true,"href":"https:\/\/xn--feuerwehr-bersaxen-v6b.at\/index.php\/wp-json\/wp\/v2\/categories?post=1623"},{"taxonomy":"post_tag","embeddable":true,"href":"https:\/\/xn--feuerwehr-bersaxen-v6b.at\/index.php\/wp-json\/wp\/v2\/tags?post=1623"}],"curies":[{"name":"wp","href":"https:\/\/api.w.org\/{rel}","templated":true}]}}