{"id":1663,"date":"2020-09-17T22:58:59","date_gmt":"2020-09-17T20:58:59","guid":{"rendered":"http:\/\/xn--feuerwehr-bersaxen-v6b.at\/?p=1663"},"modified":"2020-09-17T22:58:59","modified_gmt":"2020-09-17T20:58:59","slug":"einsatz-05-2","status":"publish","type":"post","link":"https:\/\/xn--feuerwehr-bersaxen-v6b.at\/index.php\/2020\/09\/17\/einsatz-05-2\/","title":{"rendered":"Einsatz 05"},"content":{"rendered":"<p>Am Donnerstag, den 17.09.2020, um 13:41 Uhr wurde die Feuerwehr \u00dcbersaxen zu einem Technischen Einsatz gerufen. Die Alarmierung lautete wie folgt:<br \/>\n<strong>t1 \u2013 \u00dcbersaxen Kirchstra\u00dfe L73 \u2013 PKW Bergung h\u00f6he Netschelweg<\/strong><\/p>\n<p>Ein PKW der beim R\u00fcckw\u00e4rtsfahren versehentlich in eine Wasserrinne gefahren ist, konnte sich nicht mehr selbst aus dieser Misslichen Lage befreien. Der PKW konnte mittels Hebekissen angehoben und unterbaut werden, somit konnte eine Besch\u00e4digungsfreie Ausfahrt erm\u00f6glicht werden.<\/p>\n<p>Im Einsatz stand das L\u00f6schfahrzeug.<\/p>\nngg_shortcode_0_placeholder\n","protected":false},"excerpt":{"rendered":"<p>Am Donnerstag, den 17.09.2020, um 13:41 Uhr wurde die Feuerwehr \u00dcbersaxen zu einem Technischen Einsatz gerufen. Die Alarmierung lautete wie folgt: t1 \u2013 \u00dcbersaxen Kirchstra\u00dfe L73 \u2013 PKW Bergung h\u00f6he Netschelweg Ein PKW der beim R\u00fcckw\u00e4rtsfahren versehentlich in eine Wasserrinne gefahren ist, konnte sich nicht mehr selbst aus dieser Misslichen Lage befreien. Der PKW konnte mittels Hebekissen angehoben und unterbaut<\/p>\n","protected":false},"author":1,"featured_media":0,"comment_status":"closed","ping_status":"closed","sticky":false,"template":"","format":"standard","meta":{"ngg_post_thumbnail":0,"footnotes":""},"categories":[1],"tags":[],"class_list":["post-1663","post","type-post","status-publish","format-standard","hentry","category-allgemein"],"_links":{"self":[{"href":"https:\/\/xn--feuerwehr-bersaxen-v6b.at\/index.php\/wp-json\/wp\/v2\/posts\/1663","targetHints":{"allow":["GET"]}}],"collection":[{"href":"https:\/\/xn--feuerwehr-bersaxen-v6b.at\/index.php\/wp-json\/wp\/v2\/posts"}],"about":[{"href":"https:\/\/xn--feuerwehr-bersaxen-v6b.at\/index.php\/wp-json\/wp\/v2\/types\/post"}],"author":[{"embeddable":true,"href":"https:\/\/xn--feuerwehr-bersaxen-v6b.at\/index.php\/wp-json\/wp\/v2\/users\/1"}],"replies":[{"embeddable":true,"href":"https:\/\/xn--feuerwehr-bersaxen-v6b.at\/index.php\/wp-json\/wp\/v2\/comments?post=1663"}],"version-history":[{"count":3,"href":"https:\/\/xn--feuerwehr-bersaxen-v6b.at\/index.php\/wp-json\/wp\/v2\/posts\/1663\/revisions"}],"predecessor-version":[{"id":1671,"href":"https:\/\/xn--feuerwehr-bersaxen-v6b.at\/index.php\/wp-json\/wp\/v2\/posts\/1663\/revisions\/1671"}],"wp:attachment":[{"href":"https:\/\/xn--feuerwehr-bersaxen-v6b.at\/index.php\/wp-json\/wp\/v2\/media?parent=1663"}],"wp:term":[{"taxonomy":"category","embeddable":true,"href":"https:\/\/xn--feuerwehr-bersaxen-v6b.at\/index.php\/wp-json\/wp\/v2\/categories?post=1663"},{"taxonomy":"post_tag","embeddable":true,"href":"https:\/\/xn--feuerwehr-bersaxen-v6b.at\/index.php\/wp-json\/wp\/v2\/tags?post=1663"}],"curies":[{"name":"wp","href":"https:\/\/api.w.org\/{rel}","templated":true}]}}