{"id":1694,"date":"2020-12-07T10:14:07","date_gmt":"2020-12-07T09:14:07","guid":{"rendered":"http:\/\/xn--feuerwehr-bersaxen-v6b.at\/?p=1694"},"modified":"2020-12-07T20:15:35","modified_gmt":"2020-12-07T19:15:35","slug":"einsatz-07-09-assistenzeinsatz-covid-massentest","status":"publish","type":"post","link":"https:\/\/xn--feuerwehr-bersaxen-v6b.at\/index.php\/2020\/12\/07\/einsatz-07-09-assistenzeinsatz-covid-massentest\/","title":{"rendered":"Einsatz 07-09 Assistenzeinsatz COVID Massentest"},"content":{"rendered":"<div class=\"kvgmc6g5 cxmmr5t8 oygrvhab hcukyx3x c1et5uql ii04i59q\">\n<div dir=\"auto\"><span style=\"font-size: 12pt; font-family: arial, helvetica, sans-serif;\">Im Zeitraum vom 04.12.2020 bis einschlie\u00dflich 06.12.2020 fanden im gesamten Bundesland Vorarlberg die Corona-Massentests statt. Auch in Rankweil wurden insgesamt drei Teststationen (Mittelschule Rankweil-Sporthalle, Vereinshaus Rankweil, Volksschule Montfort-Sporthalle) aufgebaut.<\/span><\/div>\n<div dir=\"auto\"><span style=\"font-size: 12pt; font-family: arial, helvetica, sans-serif;\">Die Teststationen wurden auch von den Mitgliedern der Feuerwehren \u00dcbersaxen, Rankweil und Meiningen unterst\u00fctzt. Die Kameraden*innen standen dabei f\u00fcr den Parkplatz- und Ordnungsdienst sowie f\u00fcr organisatorische Aufgaben bei den jeweiligen Teststationen zur Verf\u00fcgung.<\/span><\/div>\n<\/div>\n<div dir=\"auto\"><span style=\"font-size: 12pt; font-family: arial, helvetica, sans-serif;\">Die Feuerwehr \u00dcbersaxen stand an den drei Tagen mit 11 Mann im Einsatz.<\/span><\/div>\n<div dir=\"auto\">\nngg_shortcode_0_placeholder\n<\/div>\n<p>&nbsp;<\/p>\n","protected":false},"excerpt":{"rendered":"<p>Im Zeitraum vom 04.12.2020 bis einschlie\u00dflich 06.12.2020 fanden im gesamten Bundesland Vorarlberg die Corona-Massentests statt. Auch in Rankweil wurden insgesamt drei Teststationen (Mittelschule Rankweil-Sporthalle, Vereinshaus Rankweil, Volksschule Montfort-Sporthalle) aufgebaut. Die Teststationen wurden auch von den Mitgliedern der Feuerwehren \u00dcbersaxen, Rankweil und Meiningen unterst\u00fctzt. Die Kameraden*innen standen dabei f\u00fcr den Parkplatz- und Ordnungsdienst sowie f\u00fcr organisatorische Aufgaben bei den jeweiligen Teststationen<\/p>\n","protected":false},"author":1,"featured_media":0,"comment_status":"closed","ping_status":"closed","sticky":false,"template":"","format":"standard","meta":{"ngg_post_thumbnail":0,"footnotes":""},"categories":[1],"tags":[],"class_list":["post-1694","post","type-post","status-publish","format-standard","hentry","category-allgemein"],"_links":{"self":[{"href":"https:\/\/xn--feuerwehr-bersaxen-v6b.at\/index.php\/wp-json\/wp\/v2\/posts\/1694","targetHints":{"allow":["GET"]}}],"collection":[{"href":"https:\/\/xn--feuerwehr-bersaxen-v6b.at\/index.php\/wp-json\/wp\/v2\/posts"}],"about":[{"href":"https:\/\/xn--feuerwehr-bersaxen-v6b.at\/index.php\/wp-json\/wp\/v2\/types\/post"}],"author":[{"embeddable":true,"href":"https:\/\/xn--feuerwehr-bersaxen-v6b.at\/index.php\/wp-json\/wp\/v2\/users\/1"}],"replies":[{"embeddable":true,"href":"https:\/\/xn--feuerwehr-bersaxen-v6b.at\/index.php\/wp-json\/wp\/v2\/comments?post=1694"}],"version-history":[{"count":5,"href":"https:\/\/xn--feuerwehr-bersaxen-v6b.at\/index.php\/wp-json\/wp\/v2\/posts\/1694\/revisions"}],"predecessor-version":[{"id":1709,"href":"https:\/\/xn--feuerwehr-bersaxen-v6b.at\/index.php\/wp-json\/wp\/v2\/posts\/1694\/revisions\/1709"}],"wp:attachment":[{"href":"https:\/\/xn--feuerwehr-bersaxen-v6b.at\/index.php\/wp-json\/wp\/v2\/media?parent=1694"}],"wp:term":[{"taxonomy":"category","embeddable":true,"href":"https:\/\/xn--feuerwehr-bersaxen-v6b.at\/index.php\/wp-json\/wp\/v2\/categories?post=1694"},{"taxonomy":"post_tag","embeddable":true,"href":"https:\/\/xn--feuerwehr-bersaxen-v6b.at\/index.php\/wp-json\/wp\/v2\/tags?post=1694"}],"curies":[{"name":"wp","href":"https:\/\/api.w.org\/{rel}","templated":true}]}}