{"id":1714,"date":"2021-01-16T12:07:54","date_gmt":"2021-01-16T11:07:54","guid":{"rendered":"http:\/\/xn--feuerwehr-bersaxen-v6b.at\/?p=1714"},"modified":"2021-01-19T20:47:24","modified_gmt":"2021-01-19T19:47:24","slug":"einsatz-01-3","status":"publish","type":"post","link":"https:\/\/xn--feuerwehr-bersaxen-v6b.at\/index.php\/2021\/01\/16\/einsatz-01-3\/","title":{"rendered":"Einsatz 01"},"content":{"rendered":"<p>Am Freitag, den 15.01.2021 wurde die Feuerwehr \u00dcbersaxen zu einem Technischen Einsatz gerufen. Die Alarmierung lautete wie folgt:<\/p>\n<p><strong>t1- \u00dcbersaxen Richtung Schilift &#8211; Baum verlegt die Stra\u00dfe&nbsp;<\/strong><\/p>\n<p>Auf Grund der starken Schneef\u00e4lle wurde ein Baum, der den Schneemassen nicht mehr standhalten konnte, entwurzelt und kam auf der Fahrbahn zu liegen. Der Baum wurde mittels Motorkettens\u00e4ge zerkleinert und die Stra\u00dfe wieder freiger\u00e4umt.<\/p>\n<p>Im Einsatz stand das L\u00f6schfahrzeug.<\/p>\nngg_shortcode_0_placeholder\n<p>&nbsp;<\/p>\n","protected":false},"excerpt":{"rendered":"<p>Am Freitag, den 15.01.2021 wurde die Feuerwehr \u00dcbersaxen zu einem Technischen Einsatz gerufen. Die Alarmierung lautete wie folgt: t1- \u00dcbersaxen Richtung Schilift &#8211; Baum verlegt die Stra\u00dfe&nbsp; Auf Grund der starken Schneef\u00e4lle wurde ein Baum, der den Schneemassen nicht mehr standhalten konnte, entwurzelt und kam auf der Fahrbahn zu liegen. Der Baum wurde mittels Motorkettens\u00e4ge zerkleinert und die Stra\u00dfe wieder<\/p>\n","protected":false},"author":1,"featured_media":0,"comment_status":"closed","ping_status":"closed","sticky":false,"template":"","format":"standard","meta":{"ngg_post_thumbnail":0,"footnotes":""},"categories":[1],"tags":[],"class_list":["post-1714","post","type-post","status-publish","format-standard","hentry","category-allgemein"],"_links":{"self":[{"href":"https:\/\/xn--feuerwehr-bersaxen-v6b.at\/index.php\/wp-json\/wp\/v2\/posts\/1714","targetHints":{"allow":["GET"]}}],"collection":[{"href":"https:\/\/xn--feuerwehr-bersaxen-v6b.at\/index.php\/wp-json\/wp\/v2\/posts"}],"about":[{"href":"https:\/\/xn--feuerwehr-bersaxen-v6b.at\/index.php\/wp-json\/wp\/v2\/types\/post"}],"author":[{"embeddable":true,"href":"https:\/\/xn--feuerwehr-bersaxen-v6b.at\/index.php\/wp-json\/wp\/v2\/users\/1"}],"replies":[{"embeddable":true,"href":"https:\/\/xn--feuerwehr-bersaxen-v6b.at\/index.php\/wp-json\/wp\/v2\/comments?post=1714"}],"version-history":[{"count":5,"href":"https:\/\/xn--feuerwehr-bersaxen-v6b.at\/index.php\/wp-json\/wp\/v2\/posts\/1714\/revisions"}],"predecessor-version":[{"id":1723,"href":"https:\/\/xn--feuerwehr-bersaxen-v6b.at\/index.php\/wp-json\/wp\/v2\/posts\/1714\/revisions\/1723"}],"wp:attachment":[{"href":"https:\/\/xn--feuerwehr-bersaxen-v6b.at\/index.php\/wp-json\/wp\/v2\/media?parent=1714"}],"wp:term":[{"taxonomy":"category","embeddable":true,"href":"https:\/\/xn--feuerwehr-bersaxen-v6b.at\/index.php\/wp-json\/wp\/v2\/categories?post=1714"},{"taxonomy":"post_tag","embeddable":true,"href":"https:\/\/xn--feuerwehr-bersaxen-v6b.at\/index.php\/wp-json\/wp\/v2\/tags?post=1714"}],"curies":[{"name":"wp","href":"https:\/\/api.w.org\/{rel}","templated":true}]}}