{"id":1767,"date":"2021-05-27T20:49:15","date_gmt":"2021-05-27T18:49:15","guid":{"rendered":"http:\/\/xn--feuerwehr-bersaxen-v6b.at\/?p=1767"},"modified":"2021-05-27T20:52:34","modified_gmt":"2021-05-27T18:52:34","slug":"atemschutz-heissausbildung-2","status":"publish","type":"post","link":"https:\/\/xn--feuerwehr-bersaxen-v6b.at\/index.php\/2021\/05\/27\/atemschutz-heissausbildung-2\/","title":{"rendered":"Atemschutz Hei\u00dfausbildung"},"content":{"rendered":"<p><span style=\"font-family: arial, helvetica, sans-serif;\">Am Samstag, dem 22.05.2021 stand wieder die Hei\u00dfausbildung f\u00fcr unsere Atemschutzger\u00e4tetr\u00e4ger in Vaduz (FL) auf dem Programm. Gemeinsam mit Kameraden der Feuerwehr Rankweil, den Betriebsfeuerwehren \u00d6BB und Fries und der Feuerwehr Zwischenwasser konnten wir den Ausbildungstag nutzen, um unter sehr realen Bedingungen unser Wissen zu vertiefen und verschiedene Szenarien zum Thema &#8222;Brandeinsatz&#8220; praktisch zu \u00fcben.<\/span><\/p>\n<p><span style=\"font-family: arial, helvetica, sans-serif;\">Die Teilnehmer-\/innen absolvierten dabei \u00dcbungen mit den Schwerpunkten &#8222;Suchen und Retten&#8220; sowie &#8222;Richtiges Vorgehen in einem Brandraum\/Strahlrohrf\u00fchrung\/Rauchgask\u00fchlung&#8220; in der feststoffbefeuerten sowie erdgasbefeuerten \u00dcbungsanlage.<\/span><\/p>\n<p><span style=\"font-family: arial, helvetica, sans-serif;\">Im Namen der Atemschutzger\u00e4tetr\u00e4ger der Feuerwehr \u00dcbersaxen bedanken wir uns bei allen Organisatoren, den Ausbildnern der Feuerwehr Rankweil und den Betreuern der \u00dcbungsanlage.<\/span><\/p>\nngg_shortcode_0_placeholder\n","protected":false},"excerpt":{"rendered":"<p>Am Samstag, dem 22.05.2021 stand wieder die Hei\u00dfausbildung f\u00fcr unsere Atemschutzger\u00e4tetr\u00e4ger in Vaduz (FL) auf dem Programm. Gemeinsam mit Kameraden der Feuerwehr Rankweil, den Betriebsfeuerwehren \u00d6BB und Fries und der Feuerwehr Zwischenwasser konnten wir den Ausbildungstag nutzen, um unter sehr realen Bedingungen unser Wissen zu vertiefen und verschiedene Szenarien zum Thema &#8222;Brandeinsatz&#8220; praktisch zu \u00fcben. Die Teilnehmer-\/innen absolvierten dabei \u00dcbungen<\/p>\n","protected":false},"author":1,"featured_media":0,"comment_status":"closed","ping_status":"closed","sticky":false,"template":"","format":"standard","meta":{"ngg_post_thumbnail":0,"footnotes":""},"categories":[1],"tags":[],"class_list":["post-1767","post","type-post","status-publish","format-standard","hentry","category-allgemein"],"_links":{"self":[{"href":"https:\/\/xn--feuerwehr-bersaxen-v6b.at\/index.php\/wp-json\/wp\/v2\/posts\/1767","targetHints":{"allow":["GET"]}}],"collection":[{"href":"https:\/\/xn--feuerwehr-bersaxen-v6b.at\/index.php\/wp-json\/wp\/v2\/posts"}],"about":[{"href":"https:\/\/xn--feuerwehr-bersaxen-v6b.at\/index.php\/wp-json\/wp\/v2\/types\/post"}],"author":[{"embeddable":true,"href":"https:\/\/xn--feuerwehr-bersaxen-v6b.at\/index.php\/wp-json\/wp\/v2\/users\/1"}],"replies":[{"embeddable":true,"href":"https:\/\/xn--feuerwehr-bersaxen-v6b.at\/index.php\/wp-json\/wp\/v2\/comments?post=1767"}],"version-history":[{"count":5,"href":"https:\/\/xn--feuerwehr-bersaxen-v6b.at\/index.php\/wp-json\/wp\/v2\/posts\/1767\/revisions"}],"predecessor-version":[{"id":1788,"href":"https:\/\/xn--feuerwehr-bersaxen-v6b.at\/index.php\/wp-json\/wp\/v2\/posts\/1767\/revisions\/1788"}],"wp:attachment":[{"href":"https:\/\/xn--feuerwehr-bersaxen-v6b.at\/index.php\/wp-json\/wp\/v2\/media?parent=1767"}],"wp:term":[{"taxonomy":"category","embeddable":true,"href":"https:\/\/xn--feuerwehr-bersaxen-v6b.at\/index.php\/wp-json\/wp\/v2\/categories?post=1767"},{"taxonomy":"post_tag","embeddable":true,"href":"https:\/\/xn--feuerwehr-bersaxen-v6b.at\/index.php\/wp-json\/wp\/v2\/tags?post=1767"}],"curies":[{"name":"wp","href":"https:\/\/api.w.org\/{rel}","templated":true}]}}