{"id":1838,"date":"2022-01-02T10:44:05","date_gmt":"2022-01-02T09:44:05","guid":{"rendered":"http:\/\/xn--feuerwehr-bersaxen-v6b.at\/?p=1838"},"modified":"2022-01-02T10:44:05","modified_gmt":"2022-01-02T09:44:05","slug":"einsatz-01-22","status":"publish","type":"post","link":"https:\/\/xn--feuerwehr-bersaxen-v6b.at\/index.php\/2022\/01\/02\/einsatz-01-22\/","title":{"rendered":"Einsatz 01\/22"},"content":{"rendered":"<p><span style=\"font-family: arial, helvetica, sans-serif; font-size: 12pt;\">Am Neujahrstag, den 01.01.2022 wurde die Feuerwehr \u00dcbersaxen zu einer Nachbarlichen Hilfeleistung nach Rankweil gerufen.<\/span><\/p>\n<p><span style=\"font-family: arial, helvetica, sans-serif; font-size: 12pt;\">Nach einem Gro\u00dfbrand der sich in der Silvesternacht in einem Firmenareal in Rankweil &#8211; Brederis ereignet hat, wurden wir zu Unterst\u00fctzung bzw. zu Abl\u00f6se anderer Einsatzkr\u00e4fte, die schon mehrere Stunden im Einsatz standen, gerufen.<\/span><\/p>\n<p><span style=\"font-family: arial, helvetica, sans-serif; font-size: 12pt;\">Die Alarmierung lautete: <strong>f5 Rankweil Schweizer Stra\u00dfe &#8211; Nachl\u00f6scharbeiten<\/strong><\/span><\/p>\n<p><span style=\"font-family: arial, helvetica, sans-serif; font-size: 12pt;\">Die Aufgabe der Feuerwehr \u00dcbersaxen bestand darin, in einer Lagerhalle die Brandbek\u00e4mpfung fortzuf\u00fchren, da immer wieder kleinere Br\u00e4nde entstanden und sich mehrere Glutnester darin befanden. <\/span><span style=\"font-family: arial, helvetica, sans-serif; font-size: 12pt;\">Diverse Materialien und Gegenst\u00e4nde mussten ins freie gebracht und abgel\u00f6scht werden. Bei den Abbrucharbeiten durch die Bagger mussten laufend freiwerdende Glutnester gel\u00f6scht werden.<\/span><\/p>\n<p><span style=\"font-family: arial, helvetica, sans-serif;\">Die Feuerwehr \u00dcbersaxen stand mit dem TLF mehrere Stunden im Einsatz.<\/span><\/p>\nngg_shortcode_0_placeholder\n","protected":false},"excerpt":{"rendered":"<p>Am Neujahrstag, den 01.01.2022 wurde die Feuerwehr \u00dcbersaxen zu einer Nachbarlichen Hilfeleistung nach Rankweil gerufen. Nach einem Gro\u00dfbrand der sich in der Silvesternacht in einem Firmenareal in Rankweil &#8211; Brederis ereignet hat, wurden wir zu Unterst\u00fctzung bzw. zu Abl\u00f6se anderer Einsatzkr\u00e4fte, die schon mehrere Stunden im Einsatz standen, gerufen. Die Alarmierung lautete: f5 Rankweil Schweizer Stra\u00dfe &#8211; Nachl\u00f6scharbeiten Die Aufgabe<\/p>\n","protected":false},"author":1,"featured_media":0,"comment_status":"closed","ping_status":"closed","sticky":false,"template":"","format":"standard","meta":{"ngg_post_thumbnail":0,"footnotes":""},"categories":[1],"tags":[],"class_list":["post-1838","post","type-post","status-publish","format-standard","hentry","category-allgemein"],"_links":{"self":[{"href":"https:\/\/xn--feuerwehr-bersaxen-v6b.at\/index.php\/wp-json\/wp\/v2\/posts\/1838","targetHints":{"allow":["GET"]}}],"collection":[{"href":"https:\/\/xn--feuerwehr-bersaxen-v6b.at\/index.php\/wp-json\/wp\/v2\/posts"}],"about":[{"href":"https:\/\/xn--feuerwehr-bersaxen-v6b.at\/index.php\/wp-json\/wp\/v2\/types\/post"}],"author":[{"embeddable":true,"href":"https:\/\/xn--feuerwehr-bersaxen-v6b.at\/index.php\/wp-json\/wp\/v2\/users\/1"}],"replies":[{"embeddable":true,"href":"https:\/\/xn--feuerwehr-bersaxen-v6b.at\/index.php\/wp-json\/wp\/v2\/comments?post=1838"}],"version-history":[{"count":2,"href":"https:\/\/xn--feuerwehr-bersaxen-v6b.at\/index.php\/wp-json\/wp\/v2\/posts\/1838\/revisions"}],"predecessor-version":[{"id":1855,"href":"https:\/\/xn--feuerwehr-bersaxen-v6b.at\/index.php\/wp-json\/wp\/v2\/posts\/1838\/revisions\/1855"}],"wp:attachment":[{"href":"https:\/\/xn--feuerwehr-bersaxen-v6b.at\/index.php\/wp-json\/wp\/v2\/media?parent=1838"}],"wp:term":[{"taxonomy":"category","embeddable":true,"href":"https:\/\/xn--feuerwehr-bersaxen-v6b.at\/index.php\/wp-json\/wp\/v2\/categories?post=1838"},{"taxonomy":"post_tag","embeddable":true,"href":"https:\/\/xn--feuerwehr-bersaxen-v6b.at\/index.php\/wp-json\/wp\/v2\/tags?post=1838"}],"curies":[{"name":"wp","href":"https:\/\/api.w.org\/{rel}","templated":true}]}}