{"id":1886,"date":"2022-04-17T10:29:08","date_gmt":"2022-04-17T08:29:08","guid":{"rendered":"http:\/\/xn--feuerwehr-bersaxen-v6b.at\/?p=1886"},"modified":"2022-04-17T10:37:37","modified_gmt":"2022-04-17T08:37:37","slug":"129-jahreshauptversammlung","status":"publish","type":"post","link":"https:\/\/xn--feuerwehr-bersaxen-v6b.at\/index.php\/2022\/04\/17\/129-jahreshauptversammlung\/","title":{"rendered":"129. Jahreshauptversammlung"},"content":{"rendered":"<p>Die 129. Jahreshauptversammlung der Feuerwehr \u00dcbersaxen fand am 03.04.2022 im Gasthaus Krone statt. Zuvor wurde im Gottesdienst an die verstorbenen Mitglieder gedacht.<\/p>\n<p>Kommandant Matthias Fritsch er\u00f6ffnete die Jahreshauptversammlung mit den 38 anwesenden Feuerwehrfrauen- und m\u00e4nner. Als Ehreng\u00e4ste durften wir Bgm. Rainer Duelli, Pfarrer Peter Haas, Fahnenpatin Helga Vogt, BFI Wolfgang Huber, AFK Wolfgang St\u00f6cklmaier und der Vertreter der OF Rankweil Thomas Lins begr\u00fc\u00dfen. Kommandant Matthias Fritsch pr\u00e4sentierte einen umfangreichen Jahresbericht. Im Jahr 2021 musste die Feuerwehr zu 3 technischen- und 2 Brandeins\u00e4tzen ausr\u00fccken. Neben dem Jahresr\u00fcckblick stand die Neuwahl des Kommandanten im Mittelpunkt. Kommandant Matthias Fritsch wurde einstimmig wieder zum Kommandanten der Feuerwehr \u00dcbersaxen gew\u00e4hlt. Ein weiterer erfreulicher Tagesordnungspunkt waren die Ehrungen. Josef Gabriel durften wir zu 50 Jahre Feuerwehrdienst gratulieren. BFI Wolfgang Huber \u00fcberreichte dem Geehrten vom LFV die Feuerwehrmedaille in Gold. Hanna Steiner, Laura Liesinger und Ramona Pfitscher wurden zur Hauptfeuerwehrfrau und Kevin Mitter zum Oberfeuerwehrmann bef\u00f6rdert. Weiters konnten wir 6 neue Feuerwehrm\u00e4nner in unseren Reihen begr\u00fc\u00dfen. Mit dem Leitspruch \u201eGott zur Ehr, dem n\u00e4chsten zur Wehr\u201c schloss Kommandant Matthias Fritsch die Jahreshauptversammlung.<\/p>\nngg_shortcode_0_placeholder\n","protected":false},"excerpt":{"rendered":"<p>Die 129. Jahreshauptversammlung der Feuerwehr \u00dcbersaxen fand am 03.04.2022 im Gasthaus Krone statt. Zuvor wurde im Gottesdienst an die verstorbenen Mitglieder gedacht. Kommandant Matthias Fritsch er\u00f6ffnete die Jahreshauptversammlung mit den 38 anwesenden Feuerwehrfrauen- und m\u00e4nner. Als Ehreng\u00e4ste durften wir Bgm. Rainer Duelli, Pfarrer Peter Haas, Fahnenpatin Helga Vogt, BFI Wolfgang Huber, AFK Wolfgang St\u00f6cklmaier und der Vertreter der OF Rankweil<\/p>\n","protected":false},"author":1,"featured_media":0,"comment_status":"closed","ping_status":"closed","sticky":false,"template":"","format":"standard","meta":{"ngg_post_thumbnail":0,"footnotes":""},"categories":[1],"tags":[],"class_list":["post-1886","post","type-post","status-publish","format-standard","hentry","category-allgemein"],"_links":{"self":[{"href":"https:\/\/xn--feuerwehr-bersaxen-v6b.at\/index.php\/wp-json\/wp\/v2\/posts\/1886","targetHints":{"allow":["GET"]}}],"collection":[{"href":"https:\/\/xn--feuerwehr-bersaxen-v6b.at\/index.php\/wp-json\/wp\/v2\/posts"}],"about":[{"href":"https:\/\/xn--feuerwehr-bersaxen-v6b.at\/index.php\/wp-json\/wp\/v2\/types\/post"}],"author":[{"embeddable":true,"href":"https:\/\/xn--feuerwehr-bersaxen-v6b.at\/index.php\/wp-json\/wp\/v2\/users\/1"}],"replies":[{"embeddable":true,"href":"https:\/\/xn--feuerwehr-bersaxen-v6b.at\/index.php\/wp-json\/wp\/v2\/comments?post=1886"}],"version-history":[{"count":1,"href":"https:\/\/xn--feuerwehr-bersaxen-v6b.at\/index.php\/wp-json\/wp\/v2\/posts\/1886\/revisions"}],"predecessor-version":[{"id":1890,"href":"https:\/\/xn--feuerwehr-bersaxen-v6b.at\/index.php\/wp-json\/wp\/v2\/posts\/1886\/revisions\/1890"}],"wp:attachment":[{"href":"https:\/\/xn--feuerwehr-bersaxen-v6b.at\/index.php\/wp-json\/wp\/v2\/media?parent=1886"}],"wp:term":[{"taxonomy":"category","embeddable":true,"href":"https:\/\/xn--feuerwehr-bersaxen-v6b.at\/index.php\/wp-json\/wp\/v2\/categories?post=1886"},{"taxonomy":"post_tag","embeddable":true,"href":"https:\/\/xn--feuerwehr-bersaxen-v6b.at\/index.php\/wp-json\/wp\/v2\/tags?post=1886"}],"curies":[{"name":"wp","href":"https:\/\/api.w.org\/{rel}","templated":true}]}}