{"id":1893,"date":"2023-03-25T19:37:05","date_gmt":"2023-03-25T18:37:05","guid":{"rendered":"http:\/\/xn--feuerwehr-bersaxen-v6b.at\/?p=1893"},"modified":"2023-03-26T11:11:12","modified_gmt":"2023-03-26T09:11:12","slug":"maiparty-2022","status":"publish","type":"post","link":"https:\/\/xn--feuerwehr-bersaxen-v6b.at\/index.php\/2023\/03\/25\/maiparty-2022\/","title":{"rendered":"Maiparty 2023"},"content":{"rendered":"<div>\n<p><span style=\"font-family: arial, helvetica, sans-serif; font-size: 18pt;\">Am Samstag, den 06. Mai 2023 findet wieder die legend\u00e4re Maiparty im Dorfsaal \u00dcbersaxen statt.<\/span><\/p>\n<p><span style=\"font-size: 18pt; font-family: arial, helvetica, sans-serif;\"><span class=\"\\&quot;_4n-j\">F\u00fcr Stimmung im Saal sorgt in diesem Jahr die bekannte <\/span><span class=\"\\&quot;_4n-j\">Partyband<\/span><\/span><\/p>\n<p><a href=\"https:\/\/www.meetu-music.at\/\"><span style=\"font-size: 18pt; font-family: arial, helvetica, sans-serif;\"><span class=\"\\&quot;_4n-j\"><strong>MeetU<\/strong><\/span><\/span><\/a><\/p>\n<\/div>\n<p><img loading=\"lazy\" decoding=\"async\" class=\"aligncenter size-large wp-image-1967\" src=\"https:\/\/xn--feuerwehr-bersaxen-v6b.at\/wp-content\/uploads\/2023\/03\/Maiparty_2023-726x1024.jpg\" alt=\"\" width=\"726\" height=\"1024\" srcset=\"https:\/\/xn--feuerwehr-bersaxen-v6b.at\/wp-content\/uploads\/2023\/03\/Maiparty_2023-726x1024.jpg 726w, https:\/\/xn--feuerwehr-bersaxen-v6b.at\/wp-content\/uploads\/2023\/03\/Maiparty_2023-213x300.jpg 213w, https:\/\/xn--feuerwehr-bersaxen-v6b.at\/wp-content\/uploads\/2023\/03\/Maiparty_2023-768x1084.jpg 768w, https:\/\/xn--feuerwehr-bersaxen-v6b.at\/wp-content\/uploads\/2023\/03\/Maiparty_2023-1088x1536.jpg 1088w, https:\/\/xn--feuerwehr-bersaxen-v6b.at\/wp-content\/uploads\/2023\/03\/Maiparty_2023-1451x2048.jpg 1451w, https:\/\/xn--feuerwehr-bersaxen-v6b.at\/wp-content\/uploads\/2023\/03\/Maiparty_2023-scaled.jpg 1814w\" sizes=\"auto, (max-width: 726px) 100vw, 726px\" \/><\/p>\n<p>&nbsp;<\/p>\n<div>\n<div>\n<div class=\"jsn-bootstrap3\">\n<div id=\"QWEW9I\" class=\" row\">\n<div class=\"col-md-8 col-sm-8 col-xs-12\">\n<div class=\"pb-element-container pb-element-text text-kifjjz\">\n<div>\n<p>&nbsp;<\/p>\n<\/div>\n<\/div>\n<\/div>\n<\/div>\n<\/div>\n<\/div>\n<\/div>\n","protected":false},"excerpt":{"rendered":"<p>Am Samstag, den 06. Mai 2023 findet wieder die legend\u00e4re Maiparty im Dorfsaal \u00dcbersaxen statt. F\u00fcr Stimmung im Saal sorgt in diesem Jahr die bekannte Partyband MeetU &nbsp; &nbsp;<\/p>\n","protected":false},"author":1,"featured_media":0,"comment_status":"closed","ping_status":"closed","sticky":false,"template":"","format":"standard","meta":{"ngg_post_thumbnail":0,"footnotes":""},"categories":[1],"tags":[],"class_list":["post-1893","post","type-post","status-publish","format-standard","hentry","category-allgemein"],"_links":{"self":[{"href":"https:\/\/xn--feuerwehr-bersaxen-v6b.at\/index.php\/wp-json\/wp\/v2\/posts\/1893","targetHints":{"allow":["GET"]}}],"collection":[{"href":"https:\/\/xn--feuerwehr-bersaxen-v6b.at\/index.php\/wp-json\/wp\/v2\/posts"}],"about":[{"href":"https:\/\/xn--feuerwehr-bersaxen-v6b.at\/index.php\/wp-json\/wp\/v2\/types\/post"}],"author":[{"embeddable":true,"href":"https:\/\/xn--feuerwehr-bersaxen-v6b.at\/index.php\/wp-json\/wp\/v2\/users\/1"}],"replies":[{"embeddable":true,"href":"https:\/\/xn--feuerwehr-bersaxen-v6b.at\/index.php\/wp-json\/wp\/v2\/comments?post=1893"}],"version-history":[{"count":3,"href":"https:\/\/xn--feuerwehr-bersaxen-v6b.at\/index.php\/wp-json\/wp\/v2\/posts\/1893\/revisions"}],"predecessor-version":[{"id":1971,"href":"https:\/\/xn--feuerwehr-bersaxen-v6b.at\/index.php\/wp-json\/wp\/v2\/posts\/1893\/revisions\/1971"}],"wp:attachment":[{"href":"https:\/\/xn--feuerwehr-bersaxen-v6b.at\/index.php\/wp-json\/wp\/v2\/media?parent=1893"}],"wp:term":[{"taxonomy":"category","embeddable":true,"href":"https:\/\/xn--feuerwehr-bersaxen-v6b.at\/index.php\/wp-json\/wp\/v2\/categories?post=1893"},{"taxonomy":"post_tag","embeddable":true,"href":"https:\/\/xn--feuerwehr-bersaxen-v6b.at\/index.php\/wp-json\/wp\/v2\/tags?post=1893"}],"curies":[{"name":"wp","href":"https:\/\/api.w.org\/{rel}","templated":true}]}}