{"id":1895,"date":"2022-07-08T17:11:46","date_gmt":"2022-07-08T15:11:46","guid":{"rendered":"http:\/\/xn--feuerwehr-bersaxen-v6b.at\/?p=1895"},"modified":"2022-07-08T17:13:33","modified_gmt":"2022-07-08T15:13:33","slug":"landesfeuerwehrleistungsbwerb-2022","status":"publish","type":"post","link":"https:\/\/xn--feuerwehr-bersaxen-v6b.at\/index.php\/2022\/07\/08\/landesfeuerwehrleistungsbwerb-2022\/","title":{"rendered":"Landesfeuerwehrleistungsbwerb 2022"},"content":{"rendered":"<p><span style=\"font-family: arial, helvetica, sans-serif; font-size: 12pt;\">Der Wettkampf um den \u201eGoldenen Helm\u201c z\u00e4hlt zum H\u00f6hepunkt des allj\u00e4hrlichen Landesfeuerwehrleistungsbewerbs, der dieses Jahr in Schnifs stattfand.<\/span><\/p>\n<p><span style=\"font-family: arial, helvetica, sans-serif; font-size: 12pt;\">Die Feuerwehr \u00dcbersaxen stand dieses Jahr mit 2 Wettkampfgruppen am Start.<\/span><\/p>\n<p><span style=\"font-size: 12pt; font-family: arial, helvetica, sans-serif;\">Die Gruppe \u00dcbersaxen 1 konnte sich mit einem perfekten Angriff in der Klasse FLA Silber mit einer Zeit von 36,44 Sekunden auf dem 2. Rang platzieren und somit die Qualifikation f\u00fcr das Finale um den Goldenen Helm erreichen. <\/span><\/p>\n<p><span style=\"font-size: 12pt; font-family: arial, helvetica, sans-serif;\">In der Klasse BFLA Silber konnte die Gruppe \u00dcbersaxen 1 mit einer Zeit von 37,30 Sekunden den 1. Rang erreichen.<\/span><\/p>\n<p><span style=\"font-size: 12pt; font-family: arial, helvetica, sans-serif;\">Die Gruppe \u00dcbersaxen 2, die zum ersten mal an einem Landesfeuerwehrleistungsbewerb teilgenommen hatte, konnte sich im Mittelfeld platzieren und somit die begehrten Leistungsabzeichen in Empfang nehmen.<\/span><\/p>\n<p><span style=\"font-size: 12pt; font-family: arial, helvetica, sans-serif;\">Wir gratulieren allen Wettk\u00e4mpfern, der Feuerwehr Schnifis f\u00fcr die perfekt organisierten Bewerbe, die 2 gewonnenen Goldenen Helme und das hervorragend vorbereitete Fest.&nbsp;<\/span><\/p>\nngg_shortcode_0_placeholder\n","protected":false},"excerpt":{"rendered":"<p>Der Wettkampf um den \u201eGoldenen Helm\u201c z\u00e4hlt zum H\u00f6hepunkt des allj\u00e4hrlichen Landesfeuerwehrleistungsbewerbs, der dieses Jahr in Schnifs stattfand. Die Feuerwehr \u00dcbersaxen stand dieses Jahr mit 2 Wettkampfgruppen am Start. Die Gruppe \u00dcbersaxen 1 konnte sich mit einem perfekten Angriff in der Klasse FLA Silber mit einer Zeit von 36,44 Sekunden auf dem 2. Rang platzieren und somit die Qualifikation f\u00fcr<\/p>\n","protected":false},"author":1,"featured_media":0,"comment_status":"closed","ping_status":"closed","sticky":false,"template":"","format":"standard","meta":{"ngg_post_thumbnail":0,"footnotes":""},"categories":[1],"tags":[],"class_list":["post-1895","post","type-post","status-publish","format-standard","hentry","category-allgemein"],"_links":{"self":[{"href":"https:\/\/xn--feuerwehr-bersaxen-v6b.at\/index.php\/wp-json\/wp\/v2\/posts\/1895","targetHints":{"allow":["GET"]}}],"collection":[{"href":"https:\/\/xn--feuerwehr-bersaxen-v6b.at\/index.php\/wp-json\/wp\/v2\/posts"}],"about":[{"href":"https:\/\/xn--feuerwehr-bersaxen-v6b.at\/index.php\/wp-json\/wp\/v2\/types\/post"}],"author":[{"embeddable":true,"href":"https:\/\/xn--feuerwehr-bersaxen-v6b.at\/index.php\/wp-json\/wp\/v2\/users\/1"}],"replies":[{"embeddable":true,"href":"https:\/\/xn--feuerwehr-bersaxen-v6b.at\/index.php\/wp-json\/wp\/v2\/comments?post=1895"}],"version-history":[{"count":4,"href":"https:\/\/xn--feuerwehr-bersaxen-v6b.at\/index.php\/wp-json\/wp\/v2\/posts\/1895\/revisions"}],"predecessor-version":[{"id":1903,"href":"https:\/\/xn--feuerwehr-bersaxen-v6b.at\/index.php\/wp-json\/wp\/v2\/posts\/1895\/revisions\/1903"}],"wp:attachment":[{"href":"https:\/\/xn--feuerwehr-bersaxen-v6b.at\/index.php\/wp-json\/wp\/v2\/media?parent=1895"}],"wp:term":[{"taxonomy":"category","embeddable":true,"href":"https:\/\/xn--feuerwehr-bersaxen-v6b.at\/index.php\/wp-json\/wp\/v2\/categories?post=1895"},{"taxonomy":"post_tag","embeddable":true,"href":"https:\/\/xn--feuerwehr-bersaxen-v6b.at\/index.php\/wp-json\/wp\/v2\/tags?post=1895"}],"curies":[{"name":"wp","href":"https:\/\/api.w.org\/{rel}","templated":true}]}}