{"id":1907,"date":"2022-07-17T10:27:23","date_gmt":"2022-07-17T08:27:23","guid":{"rendered":"http:\/\/xn--feuerwehr-bersaxen-v6b.at\/?p=1907"},"modified":"2022-07-17T10:27:23","modified_gmt":"2022-07-17T08:27:23","slug":"nassleistungsbewerbe-der-bezirke-feldkirch-und-dornbirn-2022","status":"publish","type":"post","link":"https:\/\/xn--feuerwehr-bersaxen-v6b.at\/index.php\/2022\/07\/17\/nassleistungsbewerbe-der-bezirke-feldkirch-und-dornbirn-2022\/","title":{"rendered":"Nassleistungsbewerbe der Bezirke Feldkirch und Dornbirn 2022"},"content":{"rendered":"<p><span style=\"font-family: arial, helvetica, sans-serif;\">Vergangenen Samstag, den 09.07.2022 fanden die Nassleistungsbewerbe der Bezirke Feldkirch und Dornbirn, die von der Feuerwehr G\u00f6fis durchgef\u00fchrt wurden statt.<\/span><br \/>\n<span style=\"font-family: arial, helvetica, sans-serif;\">Die Feuerwehr \u00dcbersaxen konnte dieses Jahr mit zwei Gruppen an den Start gehen. Die Gruppe 1 startete in der Klasse A und lieferte eine hervorragende Zeit von 46,44 Sekunden ab, leider wurde der L\u00f6schangriff mit einem Fehler ab bewertet und somit wurde der 6. Rang erreicht.<\/span><\/p>\n<p><span style=\"font-family: arial, helvetica, sans-serif;\">Die Gruppe 2, startete in der Klasse B (mit Alterspunkte) und konnte durch die langj\u00e4hrige Wettkampf Erfahrung deren Mitglieder, den L\u00f6schangriff in 55,87 Sekunden absolvieren und den Ausgezeichneten 2. Rang erreichen und somit in das Finale der besten 6 Gruppen einziehen.<\/span><\/p>\n<p><span style=\"font-family: arial, helvetica, sans-serif;\">Wir gratulieren allen Teilnehmern f\u00fcr diese hervorragenden Leistungen und freuen uns jetzt schon auf die Wettkampfsaison 2023 bei der die Feuerwehr \u00dcbersaxen die Nassleistungsbewerbe der Bezirke Feldkirch und Dornbirn austragen wird.<\/span><\/p>\n<p><a href=\"https:\/\/xn--feuerwehr-bersaxen-v6b.at\/wp-content\/uploads\/2022\/07\/Rangliste-37.-Nassleistungsbewerbe-Do-FK-in-Goefis.pdf\">Rangliste 37. Nassleistungsbewerbe Do-FK in G\u00f6fis<\/a><\/p>\nngg_shortcode_0_placeholder\n","protected":false},"excerpt":{"rendered":"<p>Vergangenen Samstag, den 09.07.2022 fanden die Nassleistungsbewerbe der Bezirke Feldkirch und Dornbirn, die von der Feuerwehr G\u00f6fis durchgef\u00fchrt wurden statt. Die Feuerwehr \u00dcbersaxen konnte dieses Jahr mit zwei Gruppen an den Start gehen. Die Gruppe 1 startete in der Klasse A und lieferte eine hervorragende Zeit von 46,44 Sekunden ab, leider wurde der L\u00f6schangriff mit einem Fehler ab bewertet und<\/p>\n","protected":false},"author":1,"featured_media":0,"comment_status":"closed","ping_status":"closed","sticky":false,"template":"","format":"standard","meta":{"ngg_post_thumbnail":0,"footnotes":""},"categories":[1],"tags":[],"class_list":["post-1907","post","type-post","status-publish","format-standard","hentry","category-allgemein"],"_links":{"self":[{"href":"https:\/\/xn--feuerwehr-bersaxen-v6b.at\/index.php\/wp-json\/wp\/v2\/posts\/1907","targetHints":{"allow":["GET"]}}],"collection":[{"href":"https:\/\/xn--feuerwehr-bersaxen-v6b.at\/index.php\/wp-json\/wp\/v2\/posts"}],"about":[{"href":"https:\/\/xn--feuerwehr-bersaxen-v6b.at\/index.php\/wp-json\/wp\/v2\/types\/post"}],"author":[{"embeddable":true,"href":"https:\/\/xn--feuerwehr-bersaxen-v6b.at\/index.php\/wp-json\/wp\/v2\/users\/1"}],"replies":[{"embeddable":true,"href":"https:\/\/xn--feuerwehr-bersaxen-v6b.at\/index.php\/wp-json\/wp\/v2\/comments?post=1907"}],"version-history":[{"count":2,"href":"https:\/\/xn--feuerwehr-bersaxen-v6b.at\/index.php\/wp-json\/wp\/v2\/posts\/1907\/revisions"}],"predecessor-version":[{"id":1912,"href":"https:\/\/xn--feuerwehr-bersaxen-v6b.at\/index.php\/wp-json\/wp\/v2\/posts\/1907\/revisions\/1912"}],"wp:attachment":[{"href":"https:\/\/xn--feuerwehr-bersaxen-v6b.at\/index.php\/wp-json\/wp\/v2\/media?parent=1907"}],"wp:term":[{"taxonomy":"category","embeddable":true,"href":"https:\/\/xn--feuerwehr-bersaxen-v6b.at\/index.php\/wp-json\/wp\/v2\/categories?post=1907"},{"taxonomy":"post_tag","embeddable":true,"href":"https:\/\/xn--feuerwehr-bersaxen-v6b.at\/index.php\/wp-json\/wp\/v2\/tags?post=1907"}],"curies":[{"name":"wp","href":"https:\/\/api.w.org\/{rel}","templated":true}]}}