{"id":1941,"date":"2023-06-15T17:23:01","date_gmt":"2023-06-15T15:23:01","guid":{"rendered":"http:\/\/xn--feuerwehr-bersaxen-v6b.at\/?p=1941"},"modified":"2023-07-16T10:15:06","modified_gmt":"2023-07-16T08:15:06","slug":"130-jahre-jubilaeumsfest-mit-nassleistungsbewerbe-der-bezirke-feldkirch-und-dornbirn","status":"publish","type":"post","link":"https:\/\/xn--feuerwehr-bersaxen-v6b.at\/index.php\/2023\/06\/15\/130-jahre-jubilaeumsfest-mit-nassleistungsbewerbe-der-bezirke-feldkirch-und-dornbirn\/","title":{"rendered":"130 Jahre Jubil\u00e4umsfest mit Nassleistungsbewerbe der Bezirke Feldkirch und Dornbirn"},"content":{"rendered":"<div><img loading=\"lazy\" decoding=\"async\" class=\"aligncenter wp-image-1972 size-large\" src=\"https:\/\/xn--feuerwehr-bersaxen-v6b.at\/wp-content\/uploads\/2023\/02\/Nassbewerb_Flyer_1-738x1024.jpg\" alt=\"\" width=\"738\" height=\"1024\" srcset=\"https:\/\/xn--feuerwehr-bersaxen-v6b.at\/wp-content\/uploads\/2023\/02\/Nassbewerb_Flyer_1-738x1024.jpg 738w, https:\/\/xn--feuerwehr-bersaxen-v6b.at\/wp-content\/uploads\/2023\/02\/Nassbewerb_Flyer_1-216x300.jpg 216w, https:\/\/xn--feuerwehr-bersaxen-v6b.at\/wp-content\/uploads\/2023\/02\/Nassbewerb_Flyer_1-768x1065.jpg 768w, https:\/\/xn--feuerwehr-bersaxen-v6b.at\/wp-content\/uploads\/2023\/02\/Nassbewerb_Flyer_1.jpg 945w\" sizes=\"auto, (max-width: 738px) 100vw, 738px\" \/><\/div>\n<div class=\"x11i5rnm xat24cr x1mh8g0r x1vvkbs xdj266r\">&nbsp;<\/div>\n<div class=\"x11i5rnm xat24cr x1mh8g0r x1vvkbs xtlvy1s\"><span style=\"font-weight: 400; font-size: 12pt;\">Die Feuerwehr \u00dcbersaxen feiert vom 07.07.-09.07.2023 dieses Jahres ihr 130-j\u00e4hriges Bestehen mit einem 3-t\u00e4gigen Jubil\u00e4umsfest. Anl\u00e4sslich dieses Jubil\u00e4ums ist es uns gelungen die Nassleistungsbewerbe, auch bekannt als das Bezirksfeuerwehrfest, der Bezirke Feldkirch und Dornbirn in \u00dcbersaxen durchf\u00fchren zu k\u00f6nnen.<\/span><\/div>\n<div>&nbsp;<\/div>\n<div>\n<p><strong>Freitag 07.07.2023<\/strong><br \/>\n<strong>Ab 20:00 Uhr<\/strong> Zeltfestparty mit der Band \u201e<a href=\"https:\/\/www.rotzloeffl.de\/\">Rotzl\u00f6ffl<\/a>\u201c<\/p>\n<p>\n<strong>Samstag 08.07.2023<\/strong><br \/>\n<strong>Ab 06:00 Uhr<\/strong>&nbsp;Nassleistungsbewerbe der Bezirke Feldkirch und Dornbirn<br \/>\n<strong>Ab 18:00 Uhr<\/strong> Aufmarsch zur Siegerverk\u00fcndung mit anschlie\u00dfendem Einmarsch der Siegergruppen ins Festzelt<br \/>\n<strong>Ab 20:00 Uhr<\/strong>&nbsp;Unterhaltung mit den \u201e<a href=\"https:\/\/www.verschaerften.at\">3 Versch\u00e4rften<\/a>\u201c<\/p>\n<p>\n<strong>Sonntag 09.07.2023<\/strong><br \/>\n<strong>10:00 Uhr<\/strong> Fr\u00fchschoppen mit den \u201e<a href=\"https:\/\/www.verschaerften.at\/\">3 Versch\u00e4rften<\/a>\u201c<br \/>\n<strong>13:30 Uhr<\/strong> gro\u00dfer Festumzug durch \u00dcbersaxen mit anschlie\u00dfendem<br \/>\nFahneneinmarsch ins Festzelt und Unterhaltung mit Blasmusik und Gastkapellen<\/p>\n<\/div>\n<p>&nbsp;<\/p>\n<p><strong>Informationen:<\/strong><br \/>\n<a href=\"https:\/\/xn--feuerwehr-bersaxen-v6b.at\/wp-content\/uploads\/2023\/06\/Einladung_Programm_Aufstellung.pdf\">Einladung_Programm_Aufstellung<\/a><br \/>\n<a href=\"https:\/\/xn--feuerwehr-bersaxen-v6b.at\/wp-content\/uploads\/2023\/06\/Zeitplan_38.-Nassleistungswettbewerb.pdf\">Zeitplan_38. Nassleistungswettbewerb<\/a><\/p>\n","protected":false},"excerpt":{"rendered":"<p>&nbsp; Die Feuerwehr \u00dcbersaxen feiert vom 07.07.-09.07.2023 dieses Jahres ihr 130-j\u00e4hriges Bestehen mit einem 3-t\u00e4gigen Jubil\u00e4umsfest. Anl\u00e4sslich dieses Jubil\u00e4ums ist es uns gelungen die Nassleistungsbewerbe, auch bekannt als das Bezirksfeuerwehrfest, der Bezirke Feldkirch und Dornbirn in \u00dcbersaxen durchf\u00fchren zu k\u00f6nnen. &nbsp; Freitag 07.07.2023 Ab 20:00 Uhr Zeltfestparty mit der Band \u201eRotzl\u00f6ffl\u201c Samstag 08.07.2023 Ab 06:00 Uhr&nbsp;Nassleistungsbewerbe der Bezirke Feldkirch und<\/p>\n","protected":false},"author":1,"featured_media":0,"comment_status":"closed","ping_status":"closed","sticky":false,"template":"","format":"standard","meta":{"ngg_post_thumbnail":0,"footnotes":""},"categories":[1],"tags":[],"class_list":["post-1941","post","type-post","status-publish","format-standard","hentry","category-allgemein"],"_links":{"self":[{"href":"https:\/\/xn--feuerwehr-bersaxen-v6b.at\/index.php\/wp-json\/wp\/v2\/posts\/1941","targetHints":{"allow":["GET"]}}],"collection":[{"href":"https:\/\/xn--feuerwehr-bersaxen-v6b.at\/index.php\/wp-json\/wp\/v2\/posts"}],"about":[{"href":"https:\/\/xn--feuerwehr-bersaxen-v6b.at\/index.php\/wp-json\/wp\/v2\/types\/post"}],"author":[{"embeddable":true,"href":"https:\/\/xn--feuerwehr-bersaxen-v6b.at\/index.php\/wp-json\/wp\/v2\/users\/1"}],"replies":[{"embeddable":true,"href":"https:\/\/xn--feuerwehr-bersaxen-v6b.at\/index.php\/wp-json\/wp\/v2\/comments?post=1941"}],"version-history":[{"count":8,"href":"https:\/\/xn--feuerwehr-bersaxen-v6b.at\/index.php\/wp-json\/wp\/v2\/posts\/1941\/revisions"}],"predecessor-version":[{"id":1978,"href":"https:\/\/xn--feuerwehr-bersaxen-v6b.at\/index.php\/wp-json\/wp\/v2\/posts\/1941\/revisions\/1978"}],"wp:attachment":[{"href":"https:\/\/xn--feuerwehr-bersaxen-v6b.at\/index.php\/wp-json\/wp\/v2\/media?parent=1941"}],"wp:term":[{"taxonomy":"category","embeddable":true,"href":"https:\/\/xn--feuerwehr-bersaxen-v6b.at\/index.php\/wp-json\/wp\/v2\/categories?post=1941"},{"taxonomy":"post_tag","embeddable":true,"href":"https:\/\/xn--feuerwehr-bersaxen-v6b.at\/index.php\/wp-json\/wp\/v2\/tags?post=1941"}],"curies":[{"name":"wp","href":"https:\/\/api.w.org\/{rel}","templated":true}]}}