{"id":898,"date":"2018-12-10T20:20:25","date_gmt":"2018-12-10T19:20:25","guid":{"rendered":"http:\/\/xn--feuerwehr-bersaxen-v6b.at\/?p=898"},"modified":"2019-01-11T20:40:34","modified_gmt":"2019-01-11T19:40:34","slug":"jahresbericht-2018","status":"publish","type":"post","link":"https:\/\/xn--feuerwehr-bersaxen-v6b.at\/index.php\/2018\/12\/10\/jahresbericht-2018\/","title":{"rendered":"Jahresbericht 2018"},"content":{"rendered":"<p><span style=\"font-family: arial, helvetica, sans-serif; font-size: 12pt;\">Das Jahr 2018 begann f\u00fcr die Feuerwehr \u00dcbersaxen traditionell mit der Jahreshauptversammlung, bei der auf ein sehr erfolgreiches Jahr 2017 zur\u00fcckgeblickt werden konnte. Im Zuge der Versammlung wurden die Kameraden Arnold Vith, Jakob Fritsch und Manfred Breu\u00df f\u00fcr 50 Jahre sowie Hubert Pfitscher, Martin Breu\u00df, Meinhard Vogt und Werner Fritsch f\u00fcr 40 Jahre Feuerwehrdienst geehrt. Des Weiteren wurden die Kameraden Jan Burtscher und Tobias Breu\u00df feierlich angelobt und in den aktiven Feuerwehrdienst aufgenommen. Die Feuerwehr musste in diesem Jahr einen gro\u00dfen Verlust ertragen. Mit Werner Fritsch verloren wir einen sehr zuverl\u00e4ssigen F\u00e4hnrich. Er \u00fcbte 20 Jahre dieses Amt mit viel Freude aus.<\/span><br \/>\n<span style=\"font-family: arial, helvetica, sans-serif; font-size: 12pt;\">Im Jahr 2018 musste die Feuerwehr \u00dcbersaxen zu mehreren technischen- und drei Brandeins\u00e4tzen ausr\u00fccken:<\/span><\/p>\n<ul style=\"list-style-type: disc;\">\n<li><span style=\"font-family: arial, helvetica, sans-serif; font-size: 12pt;\">mehrere Eins\u00e4tze aufgrund umgest\u00fcrzten B\u00e4umen<\/span><\/li>\n<li><span style=\"font-family: arial, helvetica, sans-serif; font-size: 12pt;\">Satteins \u2013 Fl\u00e4chenbrand angrenzendes Waldgebiet<\/span><\/li>\n<li><span style=\"font-family: arial, helvetica, sans-serif; font-size: 12pt;\">D\u00fcnserberg \u2013 Winkel \u2013 \u00c4lpele &#8211; Waldbrand<\/span><\/li>\n<li><span style=\"font-family: arial, helvetica, sans-serif; font-size: 12pt;\">Gulmalpe \u2013 2x PKW Bergung<\/span><\/li>\n<li><span style=\"font-family: arial, helvetica, sans-serif; font-size: 12pt;\">Kirchstra\u00dfe \u2013 Gasflasche auf der Fahrbahn mit Gasaustritt<\/span><\/li>\n<li><span style=\"font-family: arial, helvetica, sans-serif; font-size: 12pt;\">D\u00fcnserberg \u2013 Schlepper abgest\u00fcrzt mit verletzter Person<\/span><\/li>\n<li><span style=\"font-family: arial, helvetica, sans-serif; font-size: 12pt;\">Rainberg &#8211; Fahrzeugbrand<\/span><\/li>\n<\/ul>\n<p><span style=\"font-family: arial, helvetica, sans-serif; font-size: 12pt;\">Um f\u00fcr diese Eins\u00e4tze ger\u00fcstet zu sein, braucht es eine Menge \u00dcbung und Ausbildung. Hierf\u00fcr wendeten wir, die \u00dcbersaxner Feuerwehrm\u00e4nner und \u2013frauen, im heurigen Jahr ca. 8322 Stunden an Freizeit auf.<\/span><br \/>\n<span style=\"font-family: arial, helvetica, sans-serif; font-size: 12pt;\">Um ausbildungstechnisch immer auf dem neuesten Stand zu sein wurden zahlreiche \u00dcbungen mit der gesamten Mannschaft, aber auch mit einzelnen Gruppen, durchgef\u00fchrt. Einige Atemschutztr\u00e4ger besuchten die Hei\u00df-\u00dcbungsanlage in Vaduz. Dort mussten einige Stationen unter extrem hei\u00dfen Bedingungen bew\u00e4ltigt werden. Da es immer mehrere technische Eins\u00e4tze zu bew\u00e4ltigen gibt, wurde in diesem Jahr speziell der Umgang mit gef\u00e4hrlichen Stoffen ge\u00fcbt. Darum ging es bei unserer diesj\u00e4hrigen Herbst-Abschluss\u00fcbung um den Umgang mit Gefahrengut.<\/span><\/p>\n<p><span style=\"font-family: arial, helvetica, sans-serif; font-size: 12pt;\">Die Wettkampfgruppen haben heuer wieder an zahlreichen Bewerben teilgenommen. Das harte Training der Wettkampfgruppen wurde mit sehr guten Platzierungen belohnt. Beim Besuch des Landesfeuerwehrbewerbes in Polling (Tirol) konnte von der 1er Gruppe der sensationelle 3. Rang erreicht werden. Als herausragend kann auch die Leistung beim diesj\u00e4hrigen Landesfeuerwehrbewerb in Ludesch angesehen werden. Hier wurde, trotz starker Konkurrenz, der 4. Platz in der Bronzeklasse A erk\u00e4mpft. Unsere junge Wettkampfgruppe konnte ihr K\u00f6nnen mit beachtlichen Ergebnissen pr\u00e4sentieren. Den ausgezeichneten 1. Rang erreichte unsere Altersgruppe beim Bezirks-Nassbewerb in Zams ebenso erk\u00e4mpften sie sich den sensationellen 3. Rang beim Nassbewerb in Zwischenwasser in der Klasse B.<\/span><\/p>\n<p><span style=\"font-family: arial, helvetica, sans-serif; font-size: 12pt;\">Beim diesj\u00e4hrigen Atemschutzleistungsbewerb in Wolfurt hat die Feuerwehr \u00dcbersaxen mit einem Atemschutztrupp teilgenommen. Die Kameraden Hanna Steiner, Matthias Fritsch und Norbert Breu\u00df (D\u00fcns) gingen in der Klasse Silber an den Start und konnten die Herausforderung mit Bravour meistern und somit das Abzeichen in Empfang nehmen.<\/span><\/p>\n<p><span style=\"font-family: arial, helvetica, sans-serif; font-size: 12pt;\">Wie in den vergangenen Jahren wurde wieder eine Blutspendeaktion durchgef\u00fchrt. Das f\u00fcr die Kinder veranstaltete Ferienprogramm war ein gelungener Nachmittag. Die Kinder konnten die Aufgaben der Feuerwehr spielerisch kennenlernen.<\/span><br \/>\n<span style=\"font-family: arial, helvetica, sans-serif; font-size: 12pt;\">Das Kameradschaftliche kam auch heuer nicht zu kurz. Unser Feuerwehrausflug f\u00fchrte uns nach Stuttgart. Auf dem Programm standen eine Stadtbesichtigung, Besuch der Weinberge mit Planwagenfahrt und eine Weinverk\u00f6stigung.<\/span><br \/>\n<span style=\"font-family: arial, helvetica, sans-serif; font-size: 12pt;\">Zu unserem 125 j\u00e4hrigem Jubil\u00e4um veranstalteten wir einen internen Fr\u00fchschoppen. Es war ein gem\u00fctliches Beisammensein mit tollem Ausklang mit der Live-Musik \u201eMARINOS\u201c.<\/span><br \/>\n<span style=\"font-family: arial, helvetica, sans-serif; font-size: 12pt;\">Zum Jahresabschluss wurde wieder das Feuerwehrhaus gereinigt und s\u00e4mtliche Ger\u00e4tschaften auf Vordermann gebracht.<\/span><br \/>\n<span style=\"font-family: arial, helvetica, sans-serif; font-size: 12pt;\">Wir w\u00fcnschen Euch eine sch\u00f6ne und erholsame Weihnachtszeit.!<\/span><\/p>\nngg_shortcode_0_placeholder\n","protected":false},"excerpt":{"rendered":"<p>Das Jahr 2018 begann f\u00fcr die Feuerwehr \u00dcbersaxen traditionell mit der Jahreshauptversammlung, bei der auf ein sehr erfolgreiches Jahr 2017 zur\u00fcckgeblickt werden konnte. Im Zuge der Versammlung wurden die Kameraden Arnold Vith, Jakob Fritsch und Manfred Breu\u00df f\u00fcr 50 Jahre sowie Hubert Pfitscher, Martin Breu\u00df, Meinhard Vogt und Werner Fritsch f\u00fcr 40 Jahre Feuerwehrdienst geehrt. Des Weiteren wurden die Kameraden<\/p>\n","protected":false},"author":1,"featured_media":0,"comment_status":"closed","ping_status":"closed","sticky":false,"template":"","format":"standard","meta":{"ngg_post_thumbnail":0,"footnotes":""},"categories":[1],"tags":[],"class_list":["post-898","post","type-post","status-publish","format-standard","hentry","category-allgemein"],"_links":{"self":[{"href":"https:\/\/xn--feuerwehr-bersaxen-v6b.at\/index.php\/wp-json\/wp\/v2\/posts\/898","targetHints":{"allow":["GET"]}}],"collection":[{"href":"https:\/\/xn--feuerwehr-bersaxen-v6b.at\/index.php\/wp-json\/wp\/v2\/posts"}],"about":[{"href":"https:\/\/xn--feuerwehr-bersaxen-v6b.at\/index.php\/wp-json\/wp\/v2\/types\/post"}],"author":[{"embeddable":true,"href":"https:\/\/xn--feuerwehr-bersaxen-v6b.at\/index.php\/wp-json\/wp\/v2\/users\/1"}],"replies":[{"embeddable":true,"href":"https:\/\/xn--feuerwehr-bersaxen-v6b.at\/index.php\/wp-json\/wp\/v2\/comments?post=898"}],"version-history":[{"count":5,"href":"https:\/\/xn--feuerwehr-bersaxen-v6b.at\/index.php\/wp-json\/wp\/v2\/posts\/898\/revisions"}],"predecessor-version":[{"id":925,"href":"https:\/\/xn--feuerwehr-bersaxen-v6b.at\/index.php\/wp-json\/wp\/v2\/posts\/898\/revisions\/925"}],"wp:attachment":[{"href":"https:\/\/xn--feuerwehr-bersaxen-v6b.at\/index.php\/wp-json\/wp\/v2\/media?parent=898"}],"wp:term":[{"taxonomy":"category","embeddable":true,"href":"https:\/\/xn--feuerwehr-bersaxen-v6b.at\/index.php\/wp-json\/wp\/v2\/categories?post=898"},{"taxonomy":"post_tag","embeddable":true,"href":"https:\/\/xn--feuerwehr-bersaxen-v6b.at\/index.php\/wp-json\/wp\/v2\/tags?post=898"}],"curies":[{"name":"wp","href":"https:\/\/api.w.org\/{rel}","templated":true}]}}